{"id":209763,"date":"2017-04-21T16:07:58","date_gmt":"2017-04-21T16:07:58","guid":{"rendered":"http:\/\/diariodominicano.ddns.net\/?p=209763"},"modified":"2017-04-21T16:07:58","modified_gmt":"2017-04-21T16:07:58","slug":"ibrahimovic-lesionado-dice-adios-a-la-temporada-del-futbol-europeo","status":"publish","type":"post","link":"https:\/\/diariodominicano.com\/?p=209763","title":{"rendered":"Ibrahimovic, lesionado, dice adi\u00f3s a la temporada del f\u00fatbol europeo"},"content":{"rendered":"<p><body><\/p>\n<p><img decoding=\"async\" src=\"img3\/Ibrahimovic21.jpg\" \/>  <\/p>\n<p><span class=\"text1noticias\">Londres, 21 abr (PL) El futbolista sueco del Manchester United Zlatan Ibrahimovic se perder\u00e1 el resto de la temporada por lesi\u00f3n, aseguran hoy varios medios ingleses de prensa.<\/span><\/p>\n<p><span class=\"text1noticias\"> <\/span><\/p>\n<p><span class=\"text1noticias\">Seg\u00fan Sky Sports, el delantero escandinavo sufre una lesi\u00f3n de gravedad en su rodilla derecha y aunque no se especifica el tiempo estimado de recuperaci\u00f3n, en ning\u00fan caso volver\u00eda a jugar antes del final de la campa\u00f1a.<\/span><\/p>\n<p><span class=\"text1noticias\"> <\/span><\/p>\n<p><span class=\"text1noticias\">Ibra cay\u00f3 lesionado ayer durante el duelo contra el Anderlecht belga, por los cuartos de final de la Liga Europa.<\/span><\/p>\n<p><span class=\"text1noticias\"> <\/span><\/p>\n<p><span class=\"text1noticias\">De esta manera, los Diablos Rojos sufrieron una p\u00e9rdida sensible en extremo, ya que el internacional sueco es el m\u00e1ximo goleador del club esta temporada, con 28 dianas en todas las competiciones.<\/span><\/p>\n<p><span class=\"text1noticias\"> <\/span><\/p>\n<p><span class=\"text1noticias\">As\u00ed, queda en el aire la posible renovaci\u00f3n del jugador de 34 a\u00f1os, quien lleg\u00f3 a Old Trafford a principios de esta contienda, con un contrato de un a\u00f1o.<\/span><\/p>\n<p><span class=\"text1noticias\"> <\/span><\/p>\n<p><span class=\"text1noticias\">Actualmente, el Manchester United del t\u00e9cnico portugu\u00e9s Jos\u00e9 Mourinho marcha en la quinta posici\u00f3n de la Premier inglesa y clasificado a las semifinales de la Liga Europa, donde chocar\u00e1 contra el espa\u00f1ol Celta de <\/span>Vigo.<\/p>\n<h6> 2017-04-21 16:07:58 <\/h6>\n<p><!--\n<link rel=\"stylesheet\" href=\"css\/bootstrap.min.css\">\n\n\n<ul class=\"pagination\">\n\t    \n\t\n\n<li >\n\t<a href='?page_no=9032'>Previous<\/a>\n\t<\/li>\n\n\n       \n    \n\n<li><a href='?page_no=1'>1<\/a><\/li>\n\n\n\n<li><a href='?page_no=2'>2<\/a><\/li>\n\n\n\n<li><a>...<\/a><\/li>\n\n\n\n<li><a href='?page_no=9031'>9031<\/a><\/li>\n\n\n\n<li><a href='?page_no=9032'>9032<\/a><\/li>\n\n\n\n<li class='active'><a>9033<\/a><\/li>\n\n\n\n<li><a href='?page_no=9034'>9034<\/a><\/li>\n\n\n\n<li><a href='?page_no=9035'>9035<\/a><\/li>\n\n\n\n<li><a>...<\/a><\/li>\n\n\n\n<li><a href='?page_no=36618'>36618<\/a><\/li>\n\n\n\n<li><a href='?page_no=36619'>36619<\/a><\/li>\n\n    \n\t\n\n<li >\n\t<a href='?page_no=9034'>Next<\/a>\n\t<\/li>\n\n\n    \n\n<li><a href='?page_no=36619'>Last &rsaquo;&rsaquo;<\/a><\/li>\n\n<\/ul>\n\n\n--><br \/>\n<\/body><\/p>\n","protected":false},"excerpt":{"rendered":"<p>Londres, 21 abr (PL) El futbolista sueco del Manchester United Zlatan Ibrahimovic se perder\u00e1 el resto de la temporada por lesi\u00f3n, aseguran hoy varios medios ingleses de prensa. Seg\u00fan Sky Sports, el delantero escandinavo sufre una lesi\u00f3n de gravedad en su rodilla derecha y aunque no se especifica el tiempo estimado de recuperaci\u00f3n, en ning\u00fan [&hellip;]<\/p>\n","protected":false},"author":3,"featured_media":0,"comment_status":"open","ping_status":"open","sticky":false,"template":"","format":"standard","meta":{"footnotes":""},"categories":[17],"tags":[],"class_list":["post-209763","post","type-post","status-publish","format-standard","hentry","category-deportes"],"_links":{"self":[{"href":"https:\/\/diariodominicano.com\/index.php?rest_route=\/wp\/v2\/posts\/209763","targetHints":{"allow":["GET"]}}],"collection":[{"href":"https:\/\/diariodominicano.com\/index.php?rest_route=\/wp\/v2\/posts"}],"about":[{"href":"https:\/\/diariodominicano.com\/index.php?rest_route=\/wp\/v2\/types\/post"}],"author":[{"embeddable":true,"href":"https:\/\/diariodominicano.com\/index.php?rest_route=\/wp\/v2\/users\/3"}],"replies":[{"embeddable":true,"href":"https:\/\/diariodominicano.com\/index.php?rest_route=%2Fwp%2Fv2%2Fcomments&post=209763"}],"version-history":[{"count":0,"href":"https:\/\/diariodominicano.com\/index.php?rest_route=\/wp\/v2\/posts\/209763\/revisions"}],"wp:attachment":[{"href":"https:\/\/diariodominicano.com\/index.php?rest_route=%2Fwp%2Fv2%2Fmedia&parent=209763"}],"wp:term":[{"taxonomy":"category","embeddable":true,"href":"https:\/\/diariodominicano.com\/index.php?rest_route=%2Fwp%2Fv2%2Fcategories&post=209763"},{"taxonomy":"post_tag","embeddable":true,"href":"https:\/\/diariodominicano.com\/index.php?rest_route=%2Fwp%2Fv2%2Ftags&post=209763"}],"curies":[{"name":"wp","href":"https:\/\/api.w.org\/{rel}","templated":true}]}}