{"id":209762,"date":"2017-04-21T16:18:13","date_gmt":"2017-04-21T16:18:13","guid":{"rendered":"http:\/\/diariodominicano.ddns.net\/?p=209762"},"modified":"2017-04-21T16:18:13","modified_gmt":"2017-04-21T16:18:13","slug":"ciclista-britanico-geraint-thomas-conquista-el-tour-de-los-alpes","status":"publish","type":"post","link":"https:\/\/diariodominicano.com\/?p=209762","title":{"rendered":"Ciclista brit\u00e1nico Geraint Thomas conquista el Tour de los Alpes"},"content":{"rendered":"<p><body><\/p>\n<p><span class=\"text1noticias\">Trento, Italia, 21 abr (PL) El ciclista brit\u00e1nico Geraint Thomas del equipo Sky se coron\u00f3 hoy en el Tour de los Alpes con un acumulado de 20:49.37 horas, luego de concluida la quinta y \u00faltima etapa entre las localidades italianas de Smarano y Trento.<\/span><\/p>\n<p><span class=\"text1noticias\"> <\/span><\/p>\n<p><span class=\"text1noticias\">Thomas se proclam\u00f3 nuevo campe\u00f3n del giro pese a culminar tercero en el segmento de 199.6 kil\u00f3metros, tras ceder en el sprint final ante el franc\u00e9s Thibaut Pinot (Francaise) y el estadounidense Brent Bookwalter (BMC), en ese orden, todos con tiempo de 5:13.01 h.<\/span><\/p>\n<p><span class=\"text1noticias\"> <\/span><\/p>\n<p><span class=\"text1noticias\">Con este resultado, el ciclista brit\u00e1nico hered\u00f3 el t\u00edtulo conseguido en la pasada edici\u00f3n por el espa\u00f1ol y compa\u00f1ero de equipo Mikel Landa (Sky), quien tuvo que conformarse esta vez con la quinta posici\u00f3n.<\/span><\/p>\n<p><span class=\"text1noticias\"> <\/span><\/p>\n<p><span class=\"text1noticias\">Escoltaron a Thomas en la clasificaci\u00f3n general el propio Pinot, con una diferencia de siete segundos, y el italiano Domenico Pozzovivo (AG2R), alejado a 20.<\/span><\/p>\n<p><span class=\"text1noticias\"> <\/span><\/p>\n<p><span class=\"text1noticias\">Por Latinoam\u00e9rica, sobresalieron los colombianos Egan Bernal y Rodolfo Torres, ambos del equipo Androni, quienes concluyeron noveno y d\u00e9cimo, respectivamente, en la tabla final de posicio<\/span>nes.<\/p>\n<h6> 2017-04-21 16:18:13 <\/h6>\n<p><!--\n<link rel=\"stylesheet\" href=\"css\/bootstrap.min.css\">\n\n\n<ul class=\"pagination\">\n\t    \n\t\n\n<li >\n\t<a href='?page_no=9031'>Previous<\/a>\n\t<\/li>\n\n\n       \n    \n\n<li><a href='?page_no=1'>1<\/a><\/li>\n\n\n\n<li><a href='?page_no=2'>2<\/a><\/li>\n\n\n\n<li><a>...<\/a><\/li>\n\n\n\n<li><a href='?page_no=9030'>9030<\/a><\/li>\n\n\n\n<li><a href='?page_no=9031'>9031<\/a><\/li>\n\n\n\n<li class='active'><a>9032<\/a><\/li>\n\n\n\n<li><a href='?page_no=9033'>9033<\/a><\/li>\n\n\n\n<li><a href='?page_no=9034'>9034<\/a><\/li>\n\n\n\n<li><a>...<\/a><\/li>\n\n\n\n<li><a href='?page_no=36618'>36618<\/a><\/li>\n\n\n\n<li><a href='?page_no=36619'>36619<\/a><\/li>\n\n    \n\t\n\n<li >\n\t<a href='?page_no=9033'>Next<\/a>\n\t<\/li>\n\n\n    \n\n<li><a href='?page_no=36619'>Last &rsaquo;&rsaquo;<\/a><\/li>\n\n<\/ul>\n\n\n--><br \/>\n<\/body><\/p>\n","protected":false},"excerpt":{"rendered":"<p>Trento, Italia, 21 abr (PL) El ciclista brit\u00e1nico Geraint Thomas del equipo Sky se coron\u00f3 hoy en el Tour de los Alpes con un acumulado de 20:49.37 horas, luego de concluida la quinta y \u00faltima etapa entre las localidades italianas de Smarano y Trento. Thomas se proclam\u00f3 nuevo campe\u00f3n del giro pese a culminar tercero [&hellip;]<\/p>\n","protected":false},"author":3,"featured_media":0,"comment_status":"open","ping_status":"open","sticky":false,"template":"","format":"standard","meta":{"footnotes":""},"categories":[17],"tags":[],"class_list":["post-209762","post","type-post","status-publish","format-standard","hentry","category-deportes"],"_links":{"self":[{"href":"https:\/\/diariodominicano.com\/index.php?rest_route=\/wp\/v2\/posts\/209762","targetHints":{"allow":["GET"]}}],"collection":[{"href":"https:\/\/diariodominicano.com\/index.php?rest_route=\/wp\/v2\/posts"}],"about":[{"href":"https:\/\/diariodominicano.com\/index.php?rest_route=\/wp\/v2\/types\/post"}],"author":[{"embeddable":true,"href":"https:\/\/diariodominicano.com\/index.php?rest_route=\/wp\/v2\/users\/3"}],"replies":[{"embeddable":true,"href":"https:\/\/diariodominicano.com\/index.php?rest_route=%2Fwp%2Fv2%2Fcomments&post=209762"}],"version-history":[{"count":0,"href":"https:\/\/diariodominicano.com\/index.php?rest_route=\/wp\/v2\/posts\/209762\/revisions"}],"wp:attachment":[{"href":"https:\/\/diariodominicano.com\/index.php?rest_route=%2Fwp%2Fv2%2Fmedia&parent=209762"}],"wp:term":[{"taxonomy":"category","embeddable":true,"href":"https:\/\/diariodominicano.com\/index.php?rest_route=%2Fwp%2Fv2%2Fcategories&post=209762"},{"taxonomy":"post_tag","embeddable":true,"href":"https:\/\/diariodominicano.com\/index.php?rest_route=%2Fwp%2Fv2%2Ftags&post=209762"}],"curies":[{"name":"wp","href":"https:\/\/api.w.org\/{rel}","templated":true}]}}