{"id":209749,"date":"2017-04-24T16:50:47","date_gmt":"2017-04-24T16:50:47","guid":{"rendered":"http:\/\/diariodominicano.ddns.net\/?p=209749"},"modified":"2017-04-24T16:50:47","modified_gmt":"2017-04-24T16:50:47","slug":"cuba-conquista-en-panama-primera-presea-en-olimpiadas-especiales","status":"publish","type":"post","link":"https:\/\/diariodominicano.com\/?p=209749","title":{"rendered":"Cuba conquista en Panam\u00e1 primera presea en Olimpiadas Especiales"},"content":{"rendered":"<p><body><\/p>\n<p><img decoding=\"async\" src=\"img3\/lizandra-olimpiadas2.jpg\" \/>  <\/p>\n<p><span class=\"text1noticias\">Panam\u00e1, 24 abr (PL) Cuba conquist\u00f3 hoy aqu\u00ed su primera presea por intermedio de la nadadora Lizandra Utr\u00eda, una de los seis atletas de la isla que participan en los III Juegos Latinoamericanos de Olimpiadas Especiales.<\/span><\/p>\n<\/p>\n<p><span class=\"text1noticias\">La estudiante de 13 a\u00f1os, de la oriental provincia de Camag\u00fcey, se alz\u00f3 con el bronce en la especialidad de los 50 metros espalda, triunfo que espera repetir ma\u00f1ana cuando dispute la final de los 50 metros estilo libre en la piscina Eileen Coparropa, sede de la nataci\u00f3n.<\/span><\/p>\n<\/p>\n<p><span class=\"text1noticias\">En declaraciones a Prensa Latina, Livia Navarro, del Ministerio de Educaci\u00f3n de Cuba, dijo que la delegaci\u00f3n caribe\u00f1a la integran adem\u00e1s un deportista en tenis de mesa y cuatro en atletismo, en las especialidades de 100, 200 y 400 metros lisos, adem\u00e1s del relevo 4&#215;100.<\/span><\/p>\n<\/p>\n<p><span class=\"text1noticias\">Apunt\u00f3 que justamente en el deporte rey, la peque\u00f1a comitiva cifra las otras posibilidades de medallas, teniendo en cuenta los resultados de las preliminares disputadas este lunes en el capitalino estadio Rommel Fern\u00e1ndez.<\/span><\/p>\n<\/p>\n<p><span class=\"text1noticias\">Los primeros Juegos Latinoamericanos de Olimpiadas Especiales se realizaron en El Salvador en 2006, bajo el compromiso de cada cuatro a\u00f1os reunir en una sede diferente a las personas con discapacidad intelectual amante del deporte.<\/span><\/p>\n<\/p>\n<p><span class=\"text1noticias\">En el caso del certamen que se disputa en la capital paname\u00f1a hasta el jueves, sobresale la presencia de unos 800 atletas de 21 pa\u00edses, quienes compiten en nueve disciplinas deportivas: atletismo, baloncesto, bochas, boliche, gimnasia r\u00edtmica, nataci\u00f3n, tenis, tenis de mesa y voleibol.<\/span><\/p>\n<\/p>\n<p><span class=\"text1noticias\">De igual forma, el evento cuenta con la asistencia de Jamaica, como pa\u00eds invitado, y de m\u00e1s de 400 voluntarios que garantizan el desarrollo de las diferentes actividades en las ocho sedes.<\/span><\/p>\n<\/p>\n<p><span class=\"text1noticias\">Seg\u00fan la presidenta de Olimpiadas Especiales en Panam\u00e1, Yolanda Eleta, este encuentro constituye una oportunidad \u00fanica no solo para incorporar a la sociedad a todas las personas con discapacidad intelectual a trav\u00e9s del deporte, sino para ofrecerles el sitial de respeto y admiraci\u00f3n que merecen.<\/span><\/p>\n<\/p>\n<p><span class=\"text1noticias\">Las Olimpiadas Especiales es un movimiento mundial regido por el Comit\u00e9 Ol\u00edmpico Internacional, en el que participan m\u00e1s de 170 naciones.<\/span><\/p>\n<\/p>\n<h6> 2017-04-24 16:50:47 <\/h6>\n<p><!--\n<link rel=\"stylesheet\" href=\"css\/bootstrap.min.css\">\n\n\n<ul class=\"pagination\">\n\t    \n\t\n\n<li >\n\t<a href='?page_no=9019'>Previous<\/a>\n\t<\/li>\n\n\n       \n    \n\n<li><a href='?page_no=1'>1<\/a><\/li>\n\n\n\n<li><a href='?page_no=2'>2<\/a><\/li>\n\n\n\n<li><a>...<\/a><\/li>\n\n\n\n<li><a href='?page_no=9018'>9018<\/a><\/li>\n\n\n\n<li><a href='?page_no=9019'>9019<\/a><\/li>\n\n\n\n<li class='active'><a>9020<\/a><\/li>\n\n\n\n<li><a href='?page_no=9021'>9021<\/a><\/li>\n\n\n\n<li><a href='?page_no=9022'>9022<\/a><\/li>\n\n\n\n<li><a>...<\/a><\/li>\n\n\n\n<li><a href='?page_no=36618'>36618<\/a><\/li>\n\n\n\n<li><a href='?page_no=36619'>36619<\/a><\/li>\n\n    \n\t\n\n<li >\n\t<a href='?page_no=9021'>Next<\/a>\n\t<\/li>\n\n\n    \n\n<li><a href='?page_no=36619'>Last &rsaquo;&rsaquo;<\/a><\/li>\n\n<\/ul>\n\n\n--><br \/>\n<\/body><\/p>\n","protected":false},"excerpt":{"rendered":"<p>Panam\u00e1, 24 abr (PL) Cuba conquist\u00f3 hoy aqu\u00ed su primera presea por intermedio de la nadadora Lizandra Utr\u00eda, una de los seis atletas de la isla que participan en los III Juegos Latinoamericanos de Olimpiadas Especiales. La estudiante de 13 a\u00f1os, de la oriental provincia de Camag\u00fcey, se alz\u00f3 con el bronce en la especialidad [&hellip;]<\/p>\n","protected":false},"author":3,"featured_media":0,"comment_status":"open","ping_status":"open","sticky":false,"template":"","format":"standard","meta":{"footnotes":""},"categories":[17],"tags":[],"class_list":["post-209749","post","type-post","status-publish","format-standard","hentry","category-deportes"],"_links":{"self":[{"href":"https:\/\/diariodominicano.com\/index.php?rest_route=\/wp\/v2\/posts\/209749","targetHints":{"allow":["GET"]}}],"collection":[{"href":"https:\/\/diariodominicano.com\/index.php?rest_route=\/wp\/v2\/posts"}],"about":[{"href":"https:\/\/diariodominicano.com\/index.php?rest_route=\/wp\/v2\/types\/post"}],"author":[{"embeddable":true,"href":"https:\/\/diariodominicano.com\/index.php?rest_route=\/wp\/v2\/users\/3"}],"replies":[{"embeddable":true,"href":"https:\/\/diariodominicano.com\/index.php?rest_route=%2Fwp%2Fv2%2Fcomments&post=209749"}],"version-history":[{"count":0,"href":"https:\/\/diariodominicano.com\/index.php?rest_route=\/wp\/v2\/posts\/209749\/revisions"}],"wp:attachment":[{"href":"https:\/\/diariodominicano.com\/index.php?rest_route=%2Fwp%2Fv2%2Fmedia&parent=209749"}],"wp:term":[{"taxonomy":"category","embeddable":true,"href":"https:\/\/diariodominicano.com\/index.php?rest_route=%2Fwp%2Fv2%2Fcategories&post=209749"},{"taxonomy":"post_tag","embeddable":true,"href":"https:\/\/diariodominicano.com\/index.php?rest_route=%2Fwp%2Fv2%2Ftags&post=209749"}],"curies":[{"name":"wp","href":"https:\/\/api.w.org\/{rel}","templated":true}]}}