{"id":209741,"date":"2017-04-25T14:47:18","date_gmt":"2017-04-25T14:47:18","guid":{"rendered":"http:\/\/diariodominicano.ddns.net\/?p=209741"},"modified":"2017-04-25T14:47:18","modified_gmt":"2017-04-25T14:47:18","slug":"colombiano-nairo-quintana-asegura-participacion-en-vuelta-a-asturias","status":"publish","type":"post","link":"https:\/\/diariodominicano.com\/?p=209741","title":{"rendered":"Colombiano Nairo Quintana asegura participaci\u00f3n en Vuelta a Asturias"},"content":{"rendered":"<p><body><\/p>\n<p><img decoding=\"async\" src=\"img3\/nairo_quintana.jpg\" \/>  <\/p>\n<p><span class=\"text1noticias\">Asturias, Espa\u00f1a, 25 abr (PL) El ciclista colombiano Nairo Quintana, campe\u00f3n de la Vuelta a Espa\u00f1a-2016, competir\u00e1 en la edici\u00f3n 60 de la Vuelta a Asturias, confirmaron hoy los organizadores de la carrera.<\/span><\/p>\n<p><span class=\"text1noticias\"> <\/span><\/p>\n<p><span class=\"text1noticias\">Quintana, titular tambi\u00e9n del Giro de Italia en 2014, comandar\u00e1 la novena del equipo Movistar en la lid, que se disputar\u00e1 del s\u00e1bado al lunes pr\u00f3ximos.<\/span><\/p>\n<p><span class=\"text1noticias\"> <\/span><\/p>\n<p><span class=\"text1noticias\">El escarabajo colombiano toma la competencia como preparaci\u00f3n para el cl\u00e1sico cicl\u00edstico italiano que, junto al Tour de Francia, son sus m\u00e1ximos objetivos de la temporada.<\/span><\/p>\n<p><span class=\"text1noticias\"> <\/span><\/p>\n<p><span class=\"text1noticias\">Aqu\u00ed, junto a sus compa\u00f1eros del Movistar, encarar\u00e1 el reto de rivales pertenecientes a otros 20 equipos, cinco espa\u00f1oles incluida la selecci\u00f3n Sub-23, otros cinco de Portugal, tres de Colombia y uno de Israel, Bolivia, Rusia, Kuwait, Jap\u00f3n, Malasia, Rep\u00fablica Dominicana e Italia.<\/span><\/p>\n<p><span class=\"text1noticias\"> <\/span><\/p>\n<p><span class=\"text1noticias\">La justa contar\u00e1 con tres etapas, la primera entre Oviedo y Pola de Lena sobre 169,2 kil\u00f3metros de recorrido, seguida por la que se correr\u00e1 entre Soto de Ribera y Alto de El Acebo a la distancia de 177,1 km y la \u00faltima, prevista desde Cangas de Narcea hasta Oviedo con un trazado de 125,6 km.<\/span><\/p>\n<p><span class=\"text1noticias\"> <\/span><\/p>\n<p><span class=\"text1noticias\">Durante este lapso el subtitular del Tour de Francia en los a\u00f1os 2013 y 2015 pelear\u00e1 por convertirse en el primer pedalista latinoamericano en ganar la lid en la cual apenas 11 for\u00e1neos lograron encumbrarse en lo m\u00e1s alto del podio, entre ellos los suizos Alex Z\u00fclle, en 1992, Beat Zberg (1995) y Fabian Jeker (20<\/span>03).<\/p>\n<h6> 2017-04-25 14:47:18 <\/h6>\n<p><!--\n<link rel=\"stylesheet\" href=\"css\/bootstrap.min.css\">\n\n\n<ul class=\"pagination\">\n\t    \n\t\n\n<li >\n\t<a href='?page_no=9012'>Previous<\/a>\n\t<\/li>\n\n\n       \n    \n\n<li><a href='?page_no=1'>1<\/a><\/li>\n\n\n\n<li><a href='?page_no=2'>2<\/a><\/li>\n\n\n\n<li><a>...<\/a><\/li>\n\n\n\n<li><a href='?page_no=9011'>9011<\/a><\/li>\n\n\n\n<li><a href='?page_no=9012'>9012<\/a><\/li>\n\n\n\n<li class='active'><a>9013<\/a><\/li>\n\n\n\n<li><a href='?page_no=9014'>9014<\/a><\/li>\n\n\n\n<li><a href='?page_no=9015'>9015<\/a><\/li>\n\n\n\n<li><a>...<\/a><\/li>\n\n\n\n<li><a href='?page_no=36618'>36618<\/a><\/li>\n\n\n\n<li><a href='?page_no=36619'>36619<\/a><\/li>\n\n    \n\t\n\n<li >\n\t<a href='?page_no=9014'>Next<\/a>\n\t<\/li>\n\n\n    \n\n<li><a href='?page_no=36619'>Last &rsaquo;&rsaquo;<\/a><\/li>\n\n<\/ul>\n\n\n--><br \/>\n<\/body><\/p>\n","protected":false},"excerpt":{"rendered":"<p>Asturias, Espa\u00f1a, 25 abr (PL) El ciclista colombiano Nairo Quintana, campe\u00f3n de la Vuelta a Espa\u00f1a-2016, competir\u00e1 en la edici\u00f3n 60 de la Vuelta a Asturias, confirmaron hoy los organizadores de la carrera. Quintana, titular tambi\u00e9n del Giro de Italia en 2014, comandar\u00e1 la novena del equipo Movistar en la lid, que se disputar\u00e1 del [&hellip;]<\/p>\n","protected":false},"author":3,"featured_media":0,"comment_status":"open","ping_status":"open","sticky":false,"template":"","format":"standard","meta":{"footnotes":""},"categories":[17],"tags":[],"class_list":["post-209741","post","type-post","status-publish","format-standard","hentry","category-deportes"],"_links":{"self":[{"href":"https:\/\/diariodominicano.com\/index.php?rest_route=\/wp\/v2\/posts\/209741","targetHints":{"allow":["GET"]}}],"collection":[{"href":"https:\/\/diariodominicano.com\/index.php?rest_route=\/wp\/v2\/posts"}],"about":[{"href":"https:\/\/diariodominicano.com\/index.php?rest_route=\/wp\/v2\/types\/post"}],"author":[{"embeddable":true,"href":"https:\/\/diariodominicano.com\/index.php?rest_route=\/wp\/v2\/users\/3"}],"replies":[{"embeddable":true,"href":"https:\/\/diariodominicano.com\/index.php?rest_route=%2Fwp%2Fv2%2Fcomments&post=209741"}],"version-history":[{"count":0,"href":"https:\/\/diariodominicano.com\/index.php?rest_route=\/wp\/v2\/posts\/209741\/revisions"}],"wp:attachment":[{"href":"https:\/\/diariodominicano.com\/index.php?rest_route=%2Fwp%2Fv2%2Fmedia&parent=209741"}],"wp:term":[{"taxonomy":"category","embeddable":true,"href":"https:\/\/diariodominicano.com\/index.php?rest_route=%2Fwp%2Fv2%2Fcategories&post=209741"},{"taxonomy":"post_tag","embeddable":true,"href":"https:\/\/diariodominicano.com\/index.php?rest_route=%2Fwp%2Fv2%2Ftags&post=209741"}],"curies":[{"name":"wp","href":"https:\/\/api.w.org\/{rel}","templated":true}]}}