{"id":209739,"date":"2017-04-25T15:27:05","date_gmt":"2017-04-25T15:27:05","guid":{"rendered":"http:\/\/diariodominicano.ddns.net\/?p=209739"},"modified":"2017-04-25T15:27:05","modified_gmt":"2017-04-25T15:27:05","slug":"rusia-lista-para-acoger-copa-confederaciones-de-futbol","status":"publish","type":"post","link":"https:\/\/diariodominicano.com\/?p=209739","title":{"rendered":"Rusia lista para acoger Copa Confederaciones de f\u00fatbol"},"content":{"rendered":"<p><body><\/p>\n<p><span class=\"text1noticias\">Mosc\u00fa, 25 abr (PL) El presidente del comit\u00e9 organizador de la Copa Confederaciones de f\u00fatbol Rusia-2017, Vitali Mutko, asegur\u00f3 hoy que el pa\u00eds tiene lista su infraestructura para celebrar el certamen del 17 de junio al 2 de julio.<\/span><\/p>\n<p><span class=\"text1noticias\"> <\/span><\/p>\n<p><span class=\"text1noticias\">Seg\u00fan la publicaci\u00f3n digital Sputnik, Mutko expres\u00f3 que la naci\u00f3n tiene listo los cuatro estadios que servir\u00e1n de escenario al evento, en las ciudades de San Petersburgo, Kaz\u00e1n, Sochi y Mosc\u00fa.<\/span><\/p>\n<p><span class=\"text1noticias\"> <\/span><\/p>\n<p><span class=\"text1noticias\">Asimismo agreg\u00f3 que en todas las urbes &#8216;est\u00e1n listos 12 campos de entrenamientos previos a los juegos y est\u00e1n firmados todos los acuerdos&#8217;, aunque declar\u00f3 que quedan asuntos pendientes por concluir antes del 2 de junio.<\/span><\/p>\n<p><span class=\"text1noticias\"> <\/span><\/p>\n<p><span class=\"text1noticias\">Precisamente ese d\u00eda Rusia deber\u00e1 transmitir toda la infraestructura del torneo, como instalaciones y hoteles, al comit\u00e9 organizador y a la Federaci\u00f3n Internacional de F\u00fatbol.<\/span><\/p>\n<p><span class=\"text1noticias\"> <\/span><\/p>\n<p><span class=\"text1noticias\">A la justa asistir\u00e1n los campeones de cada una de las federaciones continentales, adem\u00e1s del campe\u00f3n mundial Alemania y el pa\u00eds sede.<\/span><\/p>\n<p><span class=\"text1noticias\"> <\/span><\/p>\n<p><span class=\"text1noticias\">Por Norte, Centroam\u00e9rica y el Caribe lo har\u00e1 M\u00e9xico, por Sudam\u00e9rica Chile, Europa (Portugal), \u00c1frica (Camer\u00fan), Asia (Australia) y por Ocean\u00eda Nueva Zelanda, para un total de ocho equ<\/span>ipos.<\/p>\n<h6> 2017-04-25 15:27:05 <\/h6>\n<p><!--\n<link rel=\"stylesheet\" href=\"css\/bootstrap.min.css\">\n\n\n<ul class=\"pagination\">\n\t    \n\t\n\n<li >\n\t<a href='?page_no=9010'>Previous<\/a>\n\t<\/li>\n\n\n       \n    \n\n<li><a href='?page_no=1'>1<\/a><\/li>\n\n\n\n<li><a href='?page_no=2'>2<\/a><\/li>\n\n\n\n<li><a>...<\/a><\/li>\n\n\n\n<li><a href='?page_no=9009'>9009<\/a><\/li>\n\n\n\n<li><a href='?page_no=9010'>9010<\/a><\/li>\n\n\n\n<li class='active'><a>9011<\/a><\/li>\n\n\n\n<li><a href='?page_no=9012'>9012<\/a><\/li>\n\n\n\n<li><a href='?page_no=9013'>9013<\/a><\/li>\n\n\n\n<li><a>...<\/a><\/li>\n\n\n\n<li><a href='?page_no=36618'>36618<\/a><\/li>\n\n\n\n<li><a href='?page_no=36619'>36619<\/a><\/li>\n\n    \n\t\n\n<li >\n\t<a href='?page_no=9012'>Next<\/a>\n\t<\/li>\n\n\n    \n\n<li><a href='?page_no=36619'>Last &rsaquo;&rsaquo;<\/a><\/li>\n\n<\/ul>\n\n\n--><br \/>\n<\/body><\/p>\n","protected":false},"excerpt":{"rendered":"<p>Mosc\u00fa, 25 abr (PL) El presidente del comit\u00e9 organizador de la Copa Confederaciones de f\u00fatbol Rusia-2017, Vitali Mutko, asegur\u00f3 hoy que el pa\u00eds tiene lista su infraestructura para celebrar el certamen del 17 de junio al 2 de julio. Seg\u00fan la publicaci\u00f3n digital Sputnik, Mutko expres\u00f3 que la naci\u00f3n tiene listo los cuatro estadios que [&hellip;]<\/p>\n","protected":false},"author":3,"featured_media":0,"comment_status":"open","ping_status":"open","sticky":false,"template":"","format":"standard","meta":{"footnotes":""},"categories":[17],"tags":[],"class_list":["post-209739","post","type-post","status-publish","format-standard","hentry","category-deportes"],"_links":{"self":[{"href":"https:\/\/diariodominicano.com\/index.php?rest_route=\/wp\/v2\/posts\/209739","targetHints":{"allow":["GET"]}}],"collection":[{"href":"https:\/\/diariodominicano.com\/index.php?rest_route=\/wp\/v2\/posts"}],"about":[{"href":"https:\/\/diariodominicano.com\/index.php?rest_route=\/wp\/v2\/types\/post"}],"author":[{"embeddable":true,"href":"https:\/\/diariodominicano.com\/index.php?rest_route=\/wp\/v2\/users\/3"}],"replies":[{"embeddable":true,"href":"https:\/\/diariodominicano.com\/index.php?rest_route=%2Fwp%2Fv2%2Fcomments&post=209739"}],"version-history":[{"count":0,"href":"https:\/\/diariodominicano.com\/index.php?rest_route=\/wp\/v2\/posts\/209739\/revisions"}],"wp:attachment":[{"href":"https:\/\/diariodominicano.com\/index.php?rest_route=%2Fwp%2Fv2%2Fmedia&parent=209739"}],"wp:term":[{"taxonomy":"category","embeddable":true,"href":"https:\/\/diariodominicano.com\/index.php?rest_route=%2Fwp%2Fv2%2Fcategories&post=209739"},{"taxonomy":"post_tag","embeddable":true,"href":"https:\/\/diariodominicano.com\/index.php?rest_route=%2Fwp%2Fv2%2Ftags&post=209739"}],"curies":[{"name":"wp","href":"https:\/\/api.w.org\/{rel}","templated":true}]}}