{"id":209732,"date":"2017-04-26T08:09:47","date_gmt":"2017-04-26T08:09:47","guid":{"rendered":"http:\/\/diariodominicano.ddns.net\/?p=209732"},"modified":"2017-04-26T08:09:47","modified_gmt":"2017-04-26T08:09:47","slug":"julio-cesar-urias-esta-programado-para-abrir-por-los-angeles-el-jueves","status":"publish","type":"post","link":"https:\/\/diariodominicano.com\/?p=209732","title":{"rendered":"Julio C\u00e9sar Ur\u00edas est\u00e1 programado para abrir por Los \u00c1ngeles el jueves"},"content":{"rendered":"<p><body><\/p>\n<p><img decoding=\"async\" src=\"img3\/Urias.jpg\" \/>  <\/p>\n<p>SAN FRANCISCO, 26 de abril.- El mexicano Julio C\u00e9sar Ur\u00edas abrir\u00e1 por los Dodgers ante los Gigantes el jueves, confirm\u00f3 el manager Dave Roberts.<\/p>\n<\/p>\n<p>Ur\u00edas, de 20 a\u00f1os de edad, ser\u00e1 convocado desde Triple-A Oklahoma City, donde ha trabajado 14 innings entre tres aperturas.<\/p>\n<\/p>\n<p>Con el fin de limitar su carga para que sea capaz de lanzar en septiembre y octubre, Ur\u00edas comenz\u00f3 la campa\u00f1a en los entrenamientos extendidos pese a que estuvo entre los pitchers de los Dodgers que m\u00e1s se destac\u00f3 durante la pretemporada.<\/p>\n<\/p>\n<p>En el 2015, Ur\u00edas lanz\u00f3 80.1 episodios en ligas menores. El a\u00f1o pasado, trabaj\u00f3 127.1 innings entre la temporada regular y los playoffs. En 82.2 entradas por el equipo grande en la campa\u00f1a regular, el sinaloense registr\u00f3 foja de 5-2 con promedio de carreras limpias de 3.39 y 84 ponches.<\/p>\n<h6> 2017-04-26 08:09:47 <\/h6>\n<p><!--\n<link rel=\"stylesheet\" href=\"css\/bootstrap.min.css\">\n\n\n<ul class=\"pagination\">\n\t    \n\t\n\n<li >\n\t<a href='?page_no=9004'>Previous<\/a>\n\t<\/li>\n\n\n       \n    \n\n<li><a href='?page_no=1'>1<\/a><\/li>\n\n\n\n<li><a href='?page_no=2'>2<\/a><\/li>\n\n\n\n<li><a>...<\/a><\/li>\n\n\n\n<li><a href='?page_no=9003'>9003<\/a><\/li>\n\n\n\n<li><a href='?page_no=9004'>9004<\/a><\/li>\n\n\n\n<li class='active'><a>9005<\/a><\/li>\n\n\n\n<li><a href='?page_no=9006'>9006<\/a><\/li>\n\n\n\n<li><a href='?page_no=9007'>9007<\/a><\/li>\n\n\n\n<li><a>...<\/a><\/li>\n\n\n\n<li><a href='?page_no=36618'>36618<\/a><\/li>\n\n\n\n<li><a href='?page_no=36619'>36619<\/a><\/li>\n\n    \n\t\n\n<li >\n\t<a href='?page_no=9006'>Next<\/a>\n\t<\/li>\n\n\n    \n\n<li><a href='?page_no=36619'>Last &rsaquo;&rsaquo;<\/a><\/li>\n\n<\/ul>\n\n\n--><br \/>\n<\/body><\/p>\n","protected":false},"excerpt":{"rendered":"<p>SAN FRANCISCO, 26 de abril.- El mexicano Julio C\u00e9sar Ur\u00edas abrir\u00e1 por los Dodgers ante los Gigantes el jueves, confirm\u00f3 el manager Dave Roberts. Ur\u00edas, de 20 a\u00f1os de edad, ser\u00e1 convocado desde Triple-A Oklahoma City, donde ha trabajado 14 innings entre tres aperturas. Con el fin de limitar su carga para que sea capaz [&hellip;]<\/p>\n","protected":false},"author":3,"featured_media":0,"comment_status":"open","ping_status":"open","sticky":false,"template":"","format":"standard","meta":{"footnotes":""},"categories":[17],"tags":[],"class_list":["post-209732","post","type-post","status-publish","format-standard","hentry","category-deportes"],"_links":{"self":[{"href":"https:\/\/diariodominicano.com\/index.php?rest_route=\/wp\/v2\/posts\/209732","targetHints":{"allow":["GET"]}}],"collection":[{"href":"https:\/\/diariodominicano.com\/index.php?rest_route=\/wp\/v2\/posts"}],"about":[{"href":"https:\/\/diariodominicano.com\/index.php?rest_route=\/wp\/v2\/types\/post"}],"author":[{"embeddable":true,"href":"https:\/\/diariodominicano.com\/index.php?rest_route=\/wp\/v2\/users\/3"}],"replies":[{"embeddable":true,"href":"https:\/\/diariodominicano.com\/index.php?rest_route=%2Fwp%2Fv2%2Fcomments&post=209732"}],"version-history":[{"count":0,"href":"https:\/\/diariodominicano.com\/index.php?rest_route=\/wp\/v2\/posts\/209732\/revisions"}],"wp:attachment":[{"href":"https:\/\/diariodominicano.com\/index.php?rest_route=%2Fwp%2Fv2%2Fmedia&parent=209732"}],"wp:term":[{"taxonomy":"category","embeddable":true,"href":"https:\/\/diariodominicano.com\/index.php?rest_route=%2Fwp%2Fv2%2Fcategories&post=209732"},{"taxonomy":"post_tag","embeddable":true,"href":"https:\/\/diariodominicano.com\/index.php?rest_route=%2Fwp%2Fv2%2Ftags&post=209732"}],"curies":[{"name":"wp","href":"https:\/\/api.w.org\/{rel}","templated":true}]}}