{"id":209728,"date":"2017-04-26T14:43:08","date_gmt":"2017-04-26T14:43:08","guid":{"rendered":"http:\/\/diariodominicano.ddns.net\/?p=209728"},"modified":"2017-04-26T14:43:08","modified_gmt":"2017-04-26T14:43:08","slug":"chileno-neven-ilic-nuevo-presidente-de-la-odepa","status":"publish","type":"post","link":"https:\/\/diariodominicano.com\/?p=209728","title":{"rendered":"Chileno Neven Ilic nuevo presidente de la Odepa"},"content":{"rendered":"<p><body><\/p>\n<p><img decoding=\"async\" src=\"img3\/Neven-Ilic.jpg\" \/>  <\/p>\n<p><span class=\"text1noticias\">Punta del Este, Uruguay, 26 abr (PL) El chileno Neven Ilic se convirti\u00f3 hoy en el nuevo presidente de la Organizaci\u00f3n Deportiva Panamericana (Odepa), tras vencer en las elecciones efectuadas en el balneario uruguayo de Punta del Este.<\/span><\/p>\n<p><span class=\"text1noticias\"> <\/span><\/p>\n<p><span class=\"text1noticias\">Ilic gan\u00f3 en esta segunda fase de votaciones con apenas un punto de ventaja, para superar por 26-25 al dominicano Jos\u00e9 Joaqu\u00edn Puello, ganador de la ronda previa con 23 puntos a su favor.<\/span><\/p>\n<p><span class=\"text1noticias\"> <\/span><\/p>\n<p><span class=\"text1noticias\">En esa primera vuelta, Puello qued\u00f3 a solo tres votos de la mayor\u00eda necesaria (26) para alcanzar la presidencia de la Odepa, mientras que Ilic debi\u00f3 superar una ronda de desempate ante el brasile\u00f1o Carlos Arthur Nuzman, tras quedar abrazados con 14.<\/span><\/p>\n<p><span class=\"text1noticias\"> <\/span><\/p>\n<p><span class=\"text1noticias\">De esta manera, los representantes chileno y dominicano avanzaron a la siguiente ronda de elecciones, mientras que el brasile\u00f1o dijo adi\u00f3s a sus aspiraciones de presidir la Odepa, pese a aparecer como el principal candidato para el cargo.<\/span><\/p>\n<p><span class=\"text1noticias\"> <\/span><\/p>\n<p><span class=\"text1noticias\">En el proceso, cada voto de los comit\u00e9s ol\u00edmpicos que conforman la Odepa (41) val\u00eda un punto excepto el de los pa\u00edses organizaron Juegos Panamericanos, que valen por cada vez realizado.<\/span><\/p>\n<p><span class=\"text1noticias\"> <\/span><\/p>\n<p><span class=\"text1noticias\">De esta manera, Ilic se convierte as\u00ed en el primer chileno en asumir la presidencia de la O<\/span>depa.<\/p>\n<h6> 2017-04-26 14:43:08 <\/h6>\n<p><!--\n<link rel=\"stylesheet\" href=\"css\/bootstrap.min.css\">\n\n\n<ul class=\"pagination\">\n\t    \n\t\n\n<li >\n\t<a href='?page_no=9000'>Previous<\/a>\n\t<\/li>\n\n\n       \n    \n\n<li><a href='?page_no=1'>1<\/a><\/li>\n\n\n\n<li><a href='?page_no=2'>2<\/a><\/li>\n\n\n\n<li><a>...<\/a><\/li>\n\n\n\n<li><a href='?page_no=8999'>8999<\/a><\/li>\n\n\n\n<li><a href='?page_no=9000'>9000<\/a><\/li>\n\n\n\n<li class='active'><a>9001<\/a><\/li>\n\n\n\n<li><a href='?page_no=9002'>9002<\/a><\/li>\n\n\n\n<li><a href='?page_no=9003'>9003<\/a><\/li>\n\n\n\n<li><a>...<\/a><\/li>\n\n\n\n<li><a href='?page_no=36618'>36618<\/a><\/li>\n\n\n\n<li><a href='?page_no=36619'>36619<\/a><\/li>\n\n    \n\t\n\n<li >\n\t<a href='?page_no=9002'>Next<\/a>\n\t<\/li>\n\n\n    \n\n<li><a href='?page_no=36619'>Last &rsaquo;&rsaquo;<\/a><\/li>\n\n<\/ul>\n\n\n--><br \/>\n<\/body><\/p>\n","protected":false},"excerpt":{"rendered":"<p>Punta del Este, Uruguay, 26 abr (PL) El chileno Neven Ilic se convirti\u00f3 hoy en el nuevo presidente de la Organizaci\u00f3n Deportiva Panamericana (Odepa), tras vencer en las elecciones efectuadas en el balneario uruguayo de Punta del Este. Ilic gan\u00f3 en esta segunda fase de votaciones con apenas un punto de ventaja, para superar por [&hellip;]<\/p>\n","protected":false},"author":3,"featured_media":0,"comment_status":"open","ping_status":"open","sticky":false,"template":"","format":"standard","meta":{"footnotes":""},"categories":[17],"tags":[],"class_list":["post-209728","post","type-post","status-publish","format-standard","hentry","category-deportes"],"_links":{"self":[{"href":"https:\/\/diariodominicano.com\/index.php?rest_route=\/wp\/v2\/posts\/209728","targetHints":{"allow":["GET"]}}],"collection":[{"href":"https:\/\/diariodominicano.com\/index.php?rest_route=\/wp\/v2\/posts"}],"about":[{"href":"https:\/\/diariodominicano.com\/index.php?rest_route=\/wp\/v2\/types\/post"}],"author":[{"embeddable":true,"href":"https:\/\/diariodominicano.com\/index.php?rest_route=\/wp\/v2\/users\/3"}],"replies":[{"embeddable":true,"href":"https:\/\/diariodominicano.com\/index.php?rest_route=%2Fwp%2Fv2%2Fcomments&post=209728"}],"version-history":[{"count":0,"href":"https:\/\/diariodominicano.com\/index.php?rest_route=\/wp\/v2\/posts\/209728\/revisions"}],"wp:attachment":[{"href":"https:\/\/diariodominicano.com\/index.php?rest_route=%2Fwp%2Fv2%2Fmedia&parent=209728"}],"wp:term":[{"taxonomy":"category","embeddable":true,"href":"https:\/\/diariodominicano.com\/index.php?rest_route=%2Fwp%2Fv2%2Fcategories&post=209728"},{"taxonomy":"post_tag","embeddable":true,"href":"https:\/\/diariodominicano.com\/index.php?rest_route=%2Fwp%2Fv2%2Ftags&post=209728"}],"curies":[{"name":"wp","href":"https:\/\/api.w.org\/{rel}","templated":true}]}}