{"id":209727,"date":"2017-04-26T17:12:34","date_gmt":"2017-04-26T17:12:34","guid":{"rendered":"http:\/\/diariodominicano.ddns.net\/?p=209727"},"modified":"2017-04-26T17:12:34","modified_gmt":"2017-04-26T17:12:34","slug":"marineros-colocan-a-hernandez-y-haniger-en-la-lista-de-lesionados","status":"publish","type":"post","link":"https:\/\/diariodominicano.com\/?p=209727","title":{"rendered":"Marineros colocan a Hern\u00e1ndez y Haniger en la lista de lesionados"},"content":{"rendered":"<p><body><\/p>\n<p><span class=\"text1noticias\"> <\/span><\/p>\n<p><span class=\"text1noticias\">DETROIT, 26 de abril, 2017&#8211; El as venezolano de los Marineros, F\u00e9lix Hern\u00e1ndez, y el jardinero derecho novato, Mitch Haniger, fueron colocados en la lista de incapacitados de 10 d\u00edas el mi\u00e9rcoles como parte de los movimientos correspondientes que realiz\u00f3 el club para traer refuerzos.<\/span><\/p>\n<p><span class=\"text1noticias\"> <\/span><\/p>\n<p><span class=\"text1noticias\">El jardinero Ben Gamel y los lanzadores Chase De Jong, Dillon Overton y Casey Fien fueron convocados desde Triple-A Tacoma, mientras que los pitchers Evan Marshall y Chris Heston fueron enviados de regreso a Tacoma.<\/span><\/p>\n<p><span class=\"text1noticias\"> <\/span><\/p>\n<p><span class=\"text1noticias\">Hern\u00e1ndez lanz\u00f3 apenas dos innings antes de ser sacado del partido el martes y fue viajado de regreso a Seattle para someterse a unos an\u00e1lisis que reflejaron inflamaci\u00f3n en su hombro derecho. El seis veces jugador estrella, lleva r\u00e9cord de 2-2 con efectividad de 4.73 en cinco aperturas esta temporada luego de permitir cuatro carreras en su apertura abreviada contra Detro<\/span>it.<\/p>\n<h6> 2017-04-26 17:12:34 <\/h6>\n<p><!--\n<link rel=\"stylesheet\" href=\"css\/bootstrap.min.css\">\n\n\n<ul class=\"pagination\">\n\t    \n\t\n\n<li >\n\t<a href='?page_no=8999'>Previous<\/a>\n\t<\/li>\n\n\n       \n    \n\n<li><a href='?page_no=1'>1<\/a><\/li>\n\n\n\n<li><a href='?page_no=2'>2<\/a><\/li>\n\n\n\n<li><a>...<\/a><\/li>\n\n\n\n<li><a href='?page_no=8998'>8998<\/a><\/li>\n\n\n\n<li><a href='?page_no=8999'>8999<\/a><\/li>\n\n\n\n<li class='active'><a>9000<\/a><\/li>\n\n\n\n<li><a href='?page_no=9001'>9001<\/a><\/li>\n\n\n\n<li><a href='?page_no=9002'>9002<\/a><\/li>\n\n\n\n<li><a>...<\/a><\/li>\n\n\n\n<li><a href='?page_no=36618'>36618<\/a><\/li>\n\n\n\n<li><a href='?page_no=36619'>36619<\/a><\/li>\n\n    \n\t\n\n<li >\n\t<a href='?page_no=9001'>Next<\/a>\n\t<\/li>\n\n\n    \n\n<li><a href='?page_no=36619'>Last &rsaquo;&rsaquo;<\/a><\/li>\n\n<\/ul>\n\n\n--><br \/>\n<\/body><\/p>\n","protected":false},"excerpt":{"rendered":"<p>DETROIT, 26 de abril, 2017&#8211; El as venezolano de los Marineros, F\u00e9lix Hern\u00e1ndez, y el jardinero derecho novato, Mitch Haniger, fueron colocados en la lista de incapacitados de 10 d\u00edas el mi\u00e9rcoles como parte de los movimientos correspondientes que realiz\u00f3 el club para traer refuerzos. El jardinero Ben Gamel y los lanzadores Chase De Jong, [&hellip;]<\/p>\n","protected":false},"author":3,"featured_media":0,"comment_status":"open","ping_status":"open","sticky":false,"template":"","format":"standard","meta":{"footnotes":""},"categories":[17],"tags":[],"class_list":["post-209727","post","type-post","status-publish","format-standard","hentry","category-deportes"],"_links":{"self":[{"href":"https:\/\/diariodominicano.com\/index.php?rest_route=\/wp\/v2\/posts\/209727","targetHints":{"allow":["GET"]}}],"collection":[{"href":"https:\/\/diariodominicano.com\/index.php?rest_route=\/wp\/v2\/posts"}],"about":[{"href":"https:\/\/diariodominicano.com\/index.php?rest_route=\/wp\/v2\/types\/post"}],"author":[{"embeddable":true,"href":"https:\/\/diariodominicano.com\/index.php?rest_route=\/wp\/v2\/users\/3"}],"replies":[{"embeddable":true,"href":"https:\/\/diariodominicano.com\/index.php?rest_route=%2Fwp%2Fv2%2Fcomments&post=209727"}],"version-history":[{"count":0,"href":"https:\/\/diariodominicano.com\/index.php?rest_route=\/wp\/v2\/posts\/209727\/revisions"}],"wp:attachment":[{"href":"https:\/\/diariodominicano.com\/index.php?rest_route=%2Fwp%2Fv2%2Fmedia&parent=209727"}],"wp:term":[{"taxonomy":"category","embeddable":true,"href":"https:\/\/diariodominicano.com\/index.php?rest_route=%2Fwp%2Fv2%2Fcategories&post=209727"},{"taxonomy":"post_tag","embeddable":true,"href":"https:\/\/diariodominicano.com\/index.php?rest_route=%2Fwp%2Fv2%2Ftags&post=209727"}],"curies":[{"name":"wp","href":"https:\/\/api.w.org\/{rel}","templated":true}]}}