{"id":209722,"date":"2017-04-26T17:26:59","date_gmt":"2017-04-26T17:26:59","guid":{"rendered":"http:\/\/diariodominicano.ddns.net\/?p=209722"},"modified":"2017-04-26T17:26:59","modified_gmt":"2017-04-26T17:26:59","slug":"jose-cafecito-martinez-guardo-la-bola-de-su-primer-hr-en-las-mayores","status":"publish","type":"post","link":"https:\/\/diariodominicano.com\/?p=209722","title":{"rendered":"Jos\u00e9 \u00abCafecito\u00bb Mart\u00ednez guard\u00f3 la bola de su primer HR en las Mayores"},"content":{"rendered":"<p><body><\/p>\n<p><span class=\"text1noticias\">Por Jenifer Langosch \/ MLB.com<\/span><\/p>\n<p><span class=\"text1noticias\"> <\/span><\/p>\n<p><span class=\"text1noticias\">SAN LUIS, 26 de abril, 2017.&#8211; Pese a que no entr\u00f3 al partido del martes entre los Cardenales y los Azulejos hasta el s\u00e9ptimo inning, el inicialista venezolano de San Luis, Jos\u00e9 \u00abCafecito\u00bb Mart\u00ednez, experiment\u00f3 todo tipo de emociones en la derrota ante los Azulejos en 11 innings.<\/span><\/p>\n<p><span class=\"text1noticias\"> <\/span><\/p>\n<p><span class=\"text1noticias\">Mart\u00ednez empat\u00f3 el partido en el s\u00e9ptimo episodio al empalmar un jonr\u00f3n de dos rayas, su primer bambinazo a nivel de Grandes Ligas. Pero la euforia que sinti\u00f3 al recorrer las bases en ese momento fue empa\u00f1ada por la frustraci\u00f3n de haber malogrado una jugada defensiva en la 11era entrada decisiva.<\/span><\/p>\n<\/p>\n<p><span class=\"text1noticias\">\u00abLa mejor sensaci\u00f3n de mi vida\u00bb, dijo Mart\u00ednez con respecto a su cuadrangular. \u00abPero creo que ahora mismo, dada la situaci\u00f3n del partido, no considero que eso sea lo m\u00e1s importante. Lo principal es que perdimos el juego\u00bb.<\/span><\/p>\n<\/p>\n<p><span class=\"text1noticias\">Los Azulejos anotaron la carrera ganadora cuando Mart\u00ednez dej\u00f3 escapar un tiro del torpedero cubano Aledmys D\u00edaz. Aunque el tiro de D\u00edaz no fue preciso, Mart\u00ednez reconoci\u00f3 que debi\u00f3 haberse despegado de la almohadilla para atrapar la bola e impedir que Toronto se fuera arriba en el marcador.<\/span><\/p>\n<\/p>\n<p><span class=\"text1noticias\">Fue una pifia poco com\u00fan de parte del novato, que ha tenido un comienzo de ensue\u00f1o en la Gran Carpa. Despu\u00e9s de irse de 3-1 el martes, Mart\u00ednez batea .375 con cuatro remolcadas este a\u00f1o.<\/span><\/p>\n<\/p>\n<p><span class=\"text1noticias\">\u00abTiene habilidad para batear, sin duda\u00bb, dijo el manager de San Luis, Mike Matheny, acerca de Mart\u00ednez. \u00abRealiza buenos turnos al bate\u00bb.<\/span><\/p>\n<\/p>\n<p><span class=\"text1noticias\">El primer jonr\u00f3n de Mart\u00ednez en Grandes Ligas tuvo una distancia de 390 pies, seg\u00fan Statcast?, y sali\u00f3 del bate a una velocidad de 103.5 millas por hora. Tambi\u00e9n provoc\u00f3 que los fans del Busch Stadium le pidieran un saludo.<\/span><\/p>\n<\/p>\n<p><span class=\"text1noticias\">\u00abEstaba ah\u00ed parado y todo el mundo me estaba diciendo que saliera\u00bb, dijo el oriundo de La Guaira. \u00abFue maravilloso. Estar\u00e9 agradecido [por ese momento] durante toda mi carrera\u00bb.<\/span><\/p>\n<\/p>\n<p><span class=\"text1noticias\">Los Cardenales consiguieron la bola del cuadrangular para que Mart\u00ednez la pudiese conservar como recuerdo. Curiosamente, tanto \u00e9l y su fallecido padre, Carlos \u00abCaf\u00e9\u00bb Mart\u00ednez, sonaron sus primeros jonrones como ligamayoristas contra los Azulejo<\/span>s.<\/p>\n<h6> 2017-04-26 17:26:59 <\/h6>\n<p><!--\n<link rel=\"stylesheet\" href=\"css\/bootstrap.min.css\">\n\n\n<ul class=\"pagination\">\n\t    \n\t\n\n<li >\n\t<a href='?page_no=8997'>Previous<\/a>\n\t<\/li>\n\n\n       \n    \n\n<li><a href='?page_no=1'>1<\/a><\/li>\n\n\n\n<li><a href='?page_no=2'>2<\/a><\/li>\n\n\n\n<li><a>...<\/a><\/li>\n\n\n\n<li><a href='?page_no=8996'>8996<\/a><\/li>\n\n\n\n<li><a href='?page_no=8997'>8997<\/a><\/li>\n\n\n\n<li class='active'><a>8998<\/a><\/li>\n\n\n\n<li><a href='?page_no=8999'>8999<\/a><\/li>\n\n\n\n<li><a href='?page_no=9000'>9000<\/a><\/li>\n\n\n\n<li><a>...<\/a><\/li>\n\n\n\n<li><a href='?page_no=36618'>36618<\/a><\/li>\n\n\n\n<li><a href='?page_no=36619'>36619<\/a><\/li>\n\n    \n\t\n\n<li >\n\t<a href='?page_no=8999'>Next<\/a>\n\t<\/li>\n\n\n    \n\n<li><a href='?page_no=36619'>Last &rsaquo;&rsaquo;<\/a><\/li>\n\n<\/ul>\n\n\n--><br \/>\n<\/body><\/p>\n","protected":false},"excerpt":{"rendered":"<p>Por Jenifer Langosch \/ MLB.com SAN LUIS, 26 de abril, 2017.&#8211; Pese a que no entr\u00f3 al partido del martes entre los Cardenales y los Azulejos hasta el s\u00e9ptimo inning, el inicialista venezolano de San Luis, Jos\u00e9 \u00abCafecito\u00bb Mart\u00ednez, experiment\u00f3 todo tipo de emociones en la derrota ante los Azulejos en 11 innings. Mart\u00ednez empat\u00f3 [&hellip;]<\/p>\n","protected":false},"author":3,"featured_media":0,"comment_status":"open","ping_status":"open","sticky":false,"template":"","format":"standard","meta":{"footnotes":""},"categories":[17],"tags":[],"class_list":["post-209722","post","type-post","status-publish","format-standard","hentry","category-deportes"],"_links":{"self":[{"href":"https:\/\/diariodominicano.com\/index.php?rest_route=\/wp\/v2\/posts\/209722","targetHints":{"allow":["GET"]}}],"collection":[{"href":"https:\/\/diariodominicano.com\/index.php?rest_route=\/wp\/v2\/posts"}],"about":[{"href":"https:\/\/diariodominicano.com\/index.php?rest_route=\/wp\/v2\/types\/post"}],"author":[{"embeddable":true,"href":"https:\/\/diariodominicano.com\/index.php?rest_route=\/wp\/v2\/users\/3"}],"replies":[{"embeddable":true,"href":"https:\/\/diariodominicano.com\/index.php?rest_route=%2Fwp%2Fv2%2Fcomments&post=209722"}],"version-history":[{"count":0,"href":"https:\/\/diariodominicano.com\/index.php?rest_route=\/wp\/v2\/posts\/209722\/revisions"}],"wp:attachment":[{"href":"https:\/\/diariodominicano.com\/index.php?rest_route=%2Fwp%2Fv2%2Fmedia&parent=209722"}],"wp:term":[{"taxonomy":"category","embeddable":true,"href":"https:\/\/diariodominicano.com\/index.php?rest_route=%2Fwp%2Fv2%2Fcategories&post=209722"},{"taxonomy":"post_tag","embeddable":true,"href":"https:\/\/diariodominicano.com\/index.php?rest_route=%2Fwp%2Fv2%2Ftags&post=209722"}],"curies":[{"name":"wp","href":"https:\/\/api.w.org\/{rel}","templated":true}]}}