{"id":209721,"date":"2017-04-26T17:33:49","date_gmt":"2017-04-26T17:33:49","guid":{"rendered":"http:\/\/diariodominicano.ddns.net\/?p=209721"},"modified":"2017-04-26T17:33:49","modified_gmt":"2017-04-26T17:33:49","slug":"adonis-garcia-contento-por-el-progreso-de-su-hermano-en-ee-uu","status":"publish","type":"post","link":"https:\/\/diariodominicano.com\/?p=209721","title":{"rendered":"Adonis Garc\u00eda contento por el progreso de su hermano en EE.UU."},"content":{"rendered":"<p><body><\/p>\n<p><span class=\"text1noticias\">Por Nathalie Alonso<\/span><\/p>\n<p><span class=\"text1noticias\"> <\/span><\/p>\n<p><span class=\"text1noticias\">NUEVA YORK, 26 de abril, 2017.- La Serie del Caribe del 2016 en Santo Domingo marc\u00f3 la primera vez que el tercera base cubano de los Bravos, Adonis Garc\u00eda y su hermano menor, el jardinero Jos\u00e9 Adolis, se enfrentaron como rivales en un juego profesional de b\u00e9isbol.<\/span><\/p>\n<p><span class=\"text1noticias\"> <\/span><\/p>\n<p><span class=\"text1noticias\">En ese momento, Jos\u00e9 Adonis jugaba por los Tigres de Aragua del b\u00e9isbol invernal de Venezuela, mientras que Jos\u00e9 Adolis era el jardinero central de los Tigres de Ciego de \u00c1vila.<\/span><\/p>\n<p><span class=\"text1noticias\"> <\/span><\/p>\n<p><span class=\"text1noticias\">Los hermanos Garc\u00eda, ambos oriundos de Ciego de \u00c1vila, hab\u00edan compartido muy poco luego de que Adonis desertara de Cuba en enero del 2011. Pero ahora existen buenas posibilidades de que se vuelvan a ver las caras en un diamante; Jos\u00e9 Adolis abandon\u00f3 la isla en agosto del 2016 y firm\u00f3 un contrato de liga menor con los Cardenales en febrero.<\/span><\/p>\n<p><span class=\"text1noticias\"> <\/span><\/p>\n<p><span class=\"text1noticias\">\u00abEs algo muy bonito. Estoy muy contento y agradecido con Dios por la oportunidad que le dio a \u00e9l tambi\u00e9n de firmar con San Luis\u00bb, expres\u00f3 Adonis, de 32 a\u00f1os de edad, acerca de su hermano. \u00abSon sue\u00f1os que se han ido cumpliendo poco a poco\u00bb.<\/span><\/p>\n<p><span class=\"text1noticias\"> <\/span><\/p>\n<p><span class=\"text1noticias\">Jos\u00e9 Adolis, de 24 a\u00f1os, fue nombrado el Jugador M\u00e1s Valioso de la Serie Nacional de Cuba en la temporada 2015-16 al finalizar con promedio de .315 y OPS (porcentaje de embasarse m\u00e1s slugging) de .912 El guardabosque lleg\u00f3 a la acci\u00f3n del mi\u00e9rcoles bateando .321 con tres jonrones y siete remolcadas en 14 partidos por Doble-A Springfield en el sistema de los Cardenales.<\/span><\/p>\n<p><span class=\"text1noticias\"> <\/span><\/p>\n<p><span class=\"text1noticias\">\u00abHay veces que uno no encuentra palabras para describir la alegr\u00eda,\u00bb dijo Adonis. \u00abPero bueno, gracias a Dios \u00e9l est\u00e1 aqu\u00ed y est\u00e1 haciendo su trabajo. Est\u00e1 haciendo lo que m\u00e1s le gusta, que es jugar pelota\u00bb.<\/span><\/p>\n<p><span class=\"text1noticias\"> <\/span><\/p>\n<p><span class=\"text1noticias\">Adonis, quien hizo su debut de Grandes Ligas en el 2015 y lleva promedio de .267 y 24 jonrones en 210 partidos como ligamayorista, afirma que hablaba con su hermano casi a diario cuando el segundo estaba en Cuba y que eso no ha cambiado ante la nueva situaci\u00f3n.<\/span><\/p>\n<p><span class=\"text1noticias\">\u00abAhora que estamos m\u00e1s cerca, es imposible no hablar\u00bb, dijo Adonis. \u00abHablamos todos los d\u00edas. Diariamente, \u00e9l me escribe. Me llama sobre lo que le pasa, de lo que est\u00e1 haciendo y conversamos\u00bb.<\/span><\/p>\n<p><span class=\"text1noticias\"> <\/span><\/p>\n<p><span class=\"text1noticias\">\u00bfY qu\u00e9 clase de consejos le da Adonis a su hermanito?<\/span><\/p>\n<p><span class=\"text1noticias\">\u00abLa disciplina. Que siga trabajando mucho en el idioma, que lo est\u00e1 haciendo muy bien. Consejos as\u00ed para que no tenga pasar por cosas que yo pas\u00e9\u00bb, dijo el terce<\/span>ra base.<\/p>\n<h6> 2017-04-26 17:33:49 <\/h6>\n<p><!--\n<link rel=\"stylesheet\" href=\"css\/bootstrap.min.css\">\n\n\n<ul class=\"pagination\">\n\t    \n\t\n\n<li >\n\t<a href='?page_no=8996'>Previous<\/a>\n\t<\/li>\n\n\n       \n    \n\n<li><a href='?page_no=1'>1<\/a><\/li>\n\n\n\n<li><a href='?page_no=2'>2<\/a><\/li>\n\n\n\n<li><a>...<\/a><\/li>\n\n\n\n<li><a href='?page_no=8995'>8995<\/a><\/li>\n\n\n\n<li><a href='?page_no=8996'>8996<\/a><\/li>\n\n\n\n<li class='active'><a>8997<\/a><\/li>\n\n\n\n<li><a href='?page_no=8998'>8998<\/a><\/li>\n\n\n\n<li><a href='?page_no=8999'>8999<\/a><\/li>\n\n\n\n<li><a>...<\/a><\/li>\n\n\n\n<li><a href='?page_no=36618'>36618<\/a><\/li>\n\n\n\n<li><a href='?page_no=36619'>36619<\/a><\/li>\n\n    \n\t\n\n<li >\n\t<a href='?page_no=8998'>Next<\/a>\n\t<\/li>\n\n\n    \n\n<li><a href='?page_no=36619'>Last &rsaquo;&rsaquo;<\/a><\/li>\n\n<\/ul>\n\n\n--><br \/>\n<\/body><\/p>\n","protected":false},"excerpt":{"rendered":"<p>Por Nathalie Alonso NUEVA YORK, 26 de abril, 2017.- La Serie del Caribe del 2016 en Santo Domingo marc\u00f3 la primera vez que el tercera base cubano de los Bravos, Adonis Garc\u00eda y su hermano menor, el jardinero Jos\u00e9 Adolis, se enfrentaron como rivales en un juego profesional de b\u00e9isbol. En ese momento, Jos\u00e9 Adonis [&hellip;]<\/p>\n","protected":false},"author":3,"featured_media":0,"comment_status":"open","ping_status":"open","sticky":false,"template":"","format":"standard","meta":{"footnotes":""},"categories":[17],"tags":[],"class_list":["post-209721","post","type-post","status-publish","format-standard","hentry","category-deportes"],"_links":{"self":[{"href":"https:\/\/diariodominicano.com\/index.php?rest_route=\/wp\/v2\/posts\/209721","targetHints":{"allow":["GET"]}}],"collection":[{"href":"https:\/\/diariodominicano.com\/index.php?rest_route=\/wp\/v2\/posts"}],"about":[{"href":"https:\/\/diariodominicano.com\/index.php?rest_route=\/wp\/v2\/types\/post"}],"author":[{"embeddable":true,"href":"https:\/\/diariodominicano.com\/index.php?rest_route=\/wp\/v2\/users\/3"}],"replies":[{"embeddable":true,"href":"https:\/\/diariodominicano.com\/index.php?rest_route=%2Fwp%2Fv2%2Fcomments&post=209721"}],"version-history":[{"count":0,"href":"https:\/\/diariodominicano.com\/index.php?rest_route=\/wp\/v2\/posts\/209721\/revisions"}],"wp:attachment":[{"href":"https:\/\/diariodominicano.com\/index.php?rest_route=%2Fwp%2Fv2%2Fmedia&parent=209721"}],"wp:term":[{"taxonomy":"category","embeddable":true,"href":"https:\/\/diariodominicano.com\/index.php?rest_route=%2Fwp%2Fv2%2Fcategories&post=209721"},{"taxonomy":"post_tag","embeddable":true,"href":"https:\/\/diariodominicano.com\/index.php?rest_route=%2Fwp%2Fv2%2Ftags&post=209721"}],"curies":[{"name":"wp","href":"https:\/\/api.w.org\/{rel}","templated":true}]}}