{"id":209715,"date":"2017-04-27T15:10:15","date_gmt":"2017-04-27T15:10:15","guid":{"rendered":"http:\/\/diariodominicano.ddns.net\/?p=209715"},"modified":"2017-04-27T15:10:15","modified_gmt":"2017-04-27T15:10:15","slug":"botin-dorado-de-cuba-en-olimpiadas-especiales-en-panama","status":"publish","type":"post","link":"https:\/\/diariodominicano.com\/?p=209715","title":{"rendered":"Bot\u00edn dorado de Cuba en Olimpiadas Especiales en Panam\u00e1"},"content":{"rendered":"<p><body><\/p>\n<p><img decoding=\"async\" src=\"img3\/olimpiadas-espec.jpg\" \/>  <\/p>\n<p><span class=\"text1noticias\">Por Nubia Piqueras Grosso<\/span><\/p>\n<p><span class=\"text1noticias\"> <\/span><\/p>\n<p><span class=\"text1noticias\">Panam\u00e1, 27 abr (PL) Con cuatro medallas de oro, dos de bronce y una de plata se despide hoy la delegaci\u00f3n cubana de apenas seis atletas, que asiste a los III Juegos Latinoamericanos de Olimpiadas Especiales.<\/span><\/p>\n<p><span class=\"text1noticias\"> <\/span><\/p>\n<p><span class=\"text1noticias\">Tres de las cuatro doradas llegaron por intermedio del atletismo en las especialidades de los 200 metros planos masculino y femenino (Tom\u00e1s Collazo y Yahimet Licea) y el relevo 4&#215;100, cuya cuarteta completaron Lenis Artiaga y Yariel Garc\u00eda, quien conquist\u00f3 una medalla de bronce en la categor\u00eda antes mencionada.<\/span><\/p>\n<p><span class=\"text1noticias\"> <\/span><\/p>\n<p><span class=\"text1noticias\">La otra presea dorada de la peque\u00f1a delegaci\u00f3n caribe\u00f1a fue a parar a las manos de la tenista de mesa Susana Iba\u00f1\u00e9z, en tanto la nadadora Lizandra Utr\u00eda se alz\u00f3 con una plata y un bronce en los 50 metros estilo libre y espalda, respectivamente.<\/span><\/p>\n<p><span class=\"text1noticias\"> <\/span><\/p>\n<p><span class=\"text1noticias\">Despu\u00e9s de seis d\u00edas de entrega, determinaci\u00f3n, destreza y alegr\u00edas, la arena Roberto Dur\u00e1n, en esta capital, acoger\u00e1 el espect\u00e1culo de clausura esta noche, el cual estar\u00e1 antecedido por finales del atletismo.<\/span><\/p>\n<p><span class=\"text1noticias\"> <\/span><\/p>\n<p><span class=\"text1noticias\">Paralelo a la competici\u00f3n deportiva sesionaron varios eventos, entre ellos el Foro Internacional del Deporte para el Desarrollo, en el que el presidente paname\u00f1o, Juan Carlos Varela, firm\u00f3 la Declaraci\u00f3n de Panam\u00e1, que busca destinar todos los recursos necesarios para proteger los derechos de las personas con caracter\u00edsticas especiales.<\/span><\/p>\n<p><span class=\"text1noticias\"> <\/span><\/p>\n<p><span class=\"text1noticias\">En el encuentro, expertos, autoridades y atletas analizaron la situaci\u00f3n que viven las personas con discapacidad, con el objetivo de encontrar soluciones reales a los desaf\u00edos que enfrentan.<\/span><\/p>\n<p><span class=\"text1noticias\"> <\/span><\/p>\n<p><span class=\"text1noticias\">Los primeros Juegos Latinoamericanos de Olimpiadas Especiales se realizaron en El Salvador en 2006, bajo el compromiso de cada cuatro a\u00f1os reunir en una sede diferente a las personas con discapacidad intelectual amantes del deporte.<\/span><\/p>\n<p><span class=\"text1noticias\"> <\/span><\/p>\n<p><span class=\"text1noticias\">En el caso del certamen que concluye este jueves, sobresale la presencia de unos 800 atletas de 21 pa\u00edses, quienes compiten en nueve disciplinas deportivas: atletismo, baloncesto, bochas, boliche, gimnasia r\u00edtmica, nataci\u00f3n, tenis, tenis de mesa y voleibol.<\/span><\/p>\n<p><span class=\"text1noticias\"> <\/span><\/p>\n<p><span class=\"text1noticias\">De igual forma, el evento cuenta con la asistencia de Jamaica, como pa\u00eds invitado, y de m\u00e1s de 400 voluntarios que garantizan el desarrollo de las actividades en las ocho sedes de los juegos.<\/span><\/p>\n<p><span class=\"text1noticias\"> <\/span><\/p>\n<p><span class=\"text1noticias\">Seg\u00fan la presidenta de Olimpiadas Especiales en Panam\u00e1, Yolanda Eleta, este encuentro constituye una oportunidad \u00fanica no solo para incorporar a la sociedad a todas las personas con discapacidad intelectual a trav\u00e9s del deporte, sino para ofrecerles el sitial de respeto y admiraci\u00f3n que merecen.<\/span><\/p>\n<p><span class=\"text1noticias\"> <\/span><\/p>\n<p><span class=\"text1noticias\">Las Olimpiadas Especiales es un movimiento mundial regido por el Comit\u00e9 Ol\u00edmpico Internacional, donde participan m\u00e1s de 17<\/span>0 naciones.<\/p>\n<h6> 2017-04-27 15:10:15 <\/h6>\n<p><!--\n<link rel=\"stylesheet\" href=\"css\/bootstrap.min.css\">\n\n\n<ul class=\"pagination\">\n\t    \n\t\n\n<li >\n\t<a href='?page_no=8990'>Previous<\/a>\n\t<\/li>\n\n\n       \n    \n\n<li><a href='?page_no=1'>1<\/a><\/li>\n\n\n\n<li><a href='?page_no=2'>2<\/a><\/li>\n\n\n\n<li><a>...<\/a><\/li>\n\n\n\n<li><a href='?page_no=8989'>8989<\/a><\/li>\n\n\n\n<li><a href='?page_no=8990'>8990<\/a><\/li>\n\n\n\n<li class='active'><a>8991<\/a><\/li>\n\n\n\n<li><a href='?page_no=8992'>8992<\/a><\/li>\n\n\n\n<li><a href='?page_no=8993'>8993<\/a><\/li>\n\n\n\n<li><a>...<\/a><\/li>\n\n\n\n<li><a href='?page_no=36618'>36618<\/a><\/li>\n\n\n\n<li><a href='?page_no=36619'>36619<\/a><\/li>\n\n    \n\t\n\n<li >\n\t<a href='?page_no=8992'>Next<\/a>\n\t<\/li>\n\n\n    \n\n<li><a href='?page_no=36619'>Last &rsaquo;&rsaquo;<\/a><\/li>\n\n<\/ul>\n\n\n--><br \/>\n<\/body><\/p>\n","protected":false},"excerpt":{"rendered":"<p>Por Nubia Piqueras Grosso Panam\u00e1, 27 abr (PL) Con cuatro medallas de oro, dos de bronce y una de plata se despide hoy la delegaci\u00f3n cubana de apenas seis atletas, que asiste a los III Juegos Latinoamericanos de Olimpiadas Especiales. Tres de las cuatro doradas llegaron por intermedio del atletismo en las especialidades de los [&hellip;]<\/p>\n","protected":false},"author":3,"featured_media":0,"comment_status":"open","ping_status":"open","sticky":false,"template":"","format":"standard","meta":{"footnotes":""},"categories":[17],"tags":[],"class_list":["post-209715","post","type-post","status-publish","format-standard","hentry","category-deportes"],"_links":{"self":[{"href":"https:\/\/diariodominicano.com\/index.php?rest_route=\/wp\/v2\/posts\/209715","targetHints":{"allow":["GET"]}}],"collection":[{"href":"https:\/\/diariodominicano.com\/index.php?rest_route=\/wp\/v2\/posts"}],"about":[{"href":"https:\/\/diariodominicano.com\/index.php?rest_route=\/wp\/v2\/types\/post"}],"author":[{"embeddable":true,"href":"https:\/\/diariodominicano.com\/index.php?rest_route=\/wp\/v2\/users\/3"}],"replies":[{"embeddable":true,"href":"https:\/\/diariodominicano.com\/index.php?rest_route=%2Fwp%2Fv2%2Fcomments&post=209715"}],"version-history":[{"count":0,"href":"https:\/\/diariodominicano.com\/index.php?rest_route=\/wp\/v2\/posts\/209715\/revisions"}],"wp:attachment":[{"href":"https:\/\/diariodominicano.com\/index.php?rest_route=%2Fwp%2Fv2%2Fmedia&parent=209715"}],"wp:term":[{"taxonomy":"category","embeddable":true,"href":"https:\/\/diariodominicano.com\/index.php?rest_route=%2Fwp%2Fv2%2Fcategories&post=209715"},{"taxonomy":"post_tag","embeddable":true,"href":"https:\/\/diariodominicano.com\/index.php?rest_route=%2Fwp%2Fv2%2Ftags&post=209715"}],"curies":[{"name":"wp","href":"https:\/\/api.w.org\/{rel}","templated":true}]}}