{"id":209711,"date":"2017-04-27T17:32:58","date_gmt":"2017-04-27T17:32:58","guid":{"rendered":"http:\/\/diariodominicano.ddns.net\/?p=209711"},"modified":"2017-04-27T17:32:58","modified_gmt":"2017-04-27T17:32:58","slug":"ecuador-sede-del-campeonato-panamericano-juvenil-de-pesas","status":"publish","type":"post","link":"https:\/\/diariodominicano.com\/?p=209711","title":{"rendered":"Ecuador sede del Campeonato Panamericano Juvenil de Pesas"},"content":{"rendered":"<p><body><\/p>\n<p><span class=\"text1noticias\">Quito, 27 abr (PL) La ciudad costera ecuatoriana de Guayaquil acoger\u00e1 el Campeonato Panamericano Juvenil de Halterofilia, del 2 al 7 de mayo pr\u00f3ximo, confirmaron hoy autoridades deportivas.<\/span><\/p>\n<p><span class=\"text1noticias\"> <\/span><\/p>\n<p><span class=\"text1noticias\">La liza, que se disputar\u00e1 en el coliseo Paladines Polo, reunir\u00e1 a pesistas de 13 pa\u00edses de la regi\u00f3n.<\/span><\/p>\n<p><span class=\"text1noticias\"> <\/span><\/p>\n<p><span class=\"text1noticias\">La delegaci\u00f3n nacional al torneo estar\u00e1 integrada por 16 deportistas, entre los que destacan las f\u00e9minas Neisi Dajomes, Paola Palacios y Lisseth Ayov\u00ed, con logros a niveles internacionales.<\/span><\/p>\n<p><span class=\"text1noticias\"> <\/span><\/p>\n<p><span class=\"text1noticias\">Estados Unidos, Argentina, Curazao, Rep\u00fablica Dominicana, Chile, Venezuela, Brasil, Honduras, Puerto Rico, Guatemala con las naciones confirmadas al certamen, adem\u00e1s del anfitri\u00f3n.<\/span><\/p>\n<p><span class=\"text1noticias\"> <\/span><\/p>\n<p><span class=\"text1noticias\">La Federaci\u00f3n Ecuatoriana de Levantamiento de Pesas es la instancia organizadora de la cita, que cuenta con el aval de la Federaci\u00f3n Panamericana de esta discipl<\/span>ina.<\/p>\n<h6> 2017-04-27 17:32:58 <\/h6>\n<p><!--\n<link rel=\"stylesheet\" href=\"css\/bootstrap.min.css\">\n\n\n<ul class=\"pagination\">\n\t    \n\t\n\n<li >\n\t<a href='?page_no=8987'>Previous<\/a>\n\t<\/li>\n\n\n       \n    \n\n<li><a href='?page_no=1'>1<\/a><\/li>\n\n\n\n<li><a href='?page_no=2'>2<\/a><\/li>\n\n\n\n<li><a>...<\/a><\/li>\n\n\n\n<li><a href='?page_no=8986'>8986<\/a><\/li>\n\n\n\n<li><a href='?page_no=8987'>8987<\/a><\/li>\n\n\n\n<li class='active'><a>8988<\/a><\/li>\n\n\n\n<li><a href='?page_no=8989'>8989<\/a><\/li>\n\n\n\n<li><a href='?page_no=8990'>8990<\/a><\/li>\n\n\n\n<li><a>...<\/a><\/li>\n\n\n\n<li><a href='?page_no=36618'>36618<\/a><\/li>\n\n\n\n<li><a href='?page_no=36619'>36619<\/a><\/li>\n\n    \n\t\n\n<li >\n\t<a href='?page_no=8989'>Next<\/a>\n\t<\/li>\n\n\n    \n\n<li><a href='?page_no=36619'>Last &rsaquo;&rsaquo;<\/a><\/li>\n\n<\/ul>\n\n\n--><br \/>\n<\/body><\/p>\n","protected":false},"excerpt":{"rendered":"<p>Quito, 27 abr (PL) La ciudad costera ecuatoriana de Guayaquil acoger\u00e1 el Campeonato Panamericano Juvenil de Halterofilia, del 2 al 7 de mayo pr\u00f3ximo, confirmaron hoy autoridades deportivas. La liza, que se disputar\u00e1 en el coliseo Paladines Polo, reunir\u00e1 a pesistas de 13 pa\u00edses de la regi\u00f3n. La delegaci\u00f3n nacional al torneo estar\u00e1 integrada por [&hellip;]<\/p>\n","protected":false},"author":3,"featured_media":0,"comment_status":"open","ping_status":"open","sticky":false,"template":"","format":"standard","meta":{"footnotes":""},"categories":[17],"tags":[],"class_list":["post-209711","post","type-post","status-publish","format-standard","hentry","category-deportes"],"_links":{"self":[{"href":"https:\/\/diariodominicano.com\/index.php?rest_route=\/wp\/v2\/posts\/209711","targetHints":{"allow":["GET"]}}],"collection":[{"href":"https:\/\/diariodominicano.com\/index.php?rest_route=\/wp\/v2\/posts"}],"about":[{"href":"https:\/\/diariodominicano.com\/index.php?rest_route=\/wp\/v2\/types\/post"}],"author":[{"embeddable":true,"href":"https:\/\/diariodominicano.com\/index.php?rest_route=\/wp\/v2\/users\/3"}],"replies":[{"embeddable":true,"href":"https:\/\/diariodominicano.com\/index.php?rest_route=%2Fwp%2Fv2%2Fcomments&post=209711"}],"version-history":[{"count":0,"href":"https:\/\/diariodominicano.com\/index.php?rest_route=\/wp\/v2\/posts\/209711\/revisions"}],"wp:attachment":[{"href":"https:\/\/diariodominicano.com\/index.php?rest_route=%2Fwp%2Fv2%2Fmedia&parent=209711"}],"wp:term":[{"taxonomy":"category","embeddable":true,"href":"https:\/\/diariodominicano.com\/index.php?rest_route=%2Fwp%2Fv2%2Fcategories&post=209711"},{"taxonomy":"post_tag","embeddable":true,"href":"https:\/\/diariodominicano.com\/index.php?rest_route=%2Fwp%2Fv2%2Ftags&post=209711"}],"curies":[{"name":"wp","href":"https:\/\/api.w.org\/{rel}","templated":true}]}}