{"id":209704,"date":"2017-04-28T12:22:05","date_gmt":"2017-04-28T12:22:05","guid":{"rendered":"http:\/\/diariodominicano.ddns.net\/?p=209704"},"modified":"2017-04-28T12:22:05","modified_gmt":"2017-04-28T12:22:05","slug":"premian-atletas-del-ano-en-la-union-deportiva-de-santiago","status":"publish","type":"post","link":"https:\/\/diariodominicano.com\/?p=209704","title":{"rendered":"Premian Atletas del A\u00f1o en la Uni\u00f3n Deportiva de Santiago"},"content":{"rendered":"<p><body><\/p>\n<p><img decoding=\"async\" src=\"img3\/udesa.jpg\" \/>  <\/p>\n<p>Santiago, 28 de abril.- El karateca, Larry Aracena; la taekwondoista, Xiomara Torres, en juvenil, as\u00ed como el karateca, Melquis Cabrera y la gimnasta, Diana P\u00e9rez, en infantil, fueron escogidos atletas del a\u00f1o, en la IX Premiaci\u00f3n Anual Don Panch\u00f3n Tejada que realiz\u00f3 en la Uni\u00f3n Deportiva de Santiago, Inc. (UDESA).<\/p>\n<\/p>\n<p>\tTeniendo como escenario el Auditorio Don Manuel Arsenio Ure\u00f1a, de la Universidad Tecnol\u00f3gica de Santiago (UTESA), la UDESA entreg\u00f3 m\u00e1s de 80 premios a los mejores atletas de Santiago, adem\u00e1s reconoci\u00f3 tres reporteros gr\u00e1ficos locales, al estelar Lu\u00eds Pi\u00e9, medallista de bronce en los Juegos Ol\u00edmpico de R\u00edo de Janeiro, Brasil y la campeona panamericana de karate, Ana Villanueva, de ambos fueron presentados en pantalla gigante, sus combates decisivos.<\/p>\n<\/p>\n<p>\tPara escoger a los juveniles, Aracena y Torres, as\u00ed como a los infantiles, Cabrera y P\u00e9rez, la comisi\u00f3n de elecci\u00f3n presidida por C\u00e9sar Pichardo, evalu\u00f3 la labor de cada uno de ellos a niveles nacional e internacional, en sus respectivas disciplinas.<\/p>\n<\/p>\n<p>\tDe igual manera, la se\u00f1ora Ana Elsa Santos, de esa comisi\u00f3n, present\u00f3 como asociaci\u00f3n del a\u00f1o a la de atletismo, por sus multiples activides, mientras que el entrenador m\u00e1s sobresaliente fue el respetado profesor de karate, Francisco Ulloa.<\/p>\n<\/p>\n<p>\tLos reporteros gr\u00e1ficos reconocidos fueron, Eugenio -Teno- Garc\u00eda, Carlos Jos\u00e9 -J- Consuegra y Bernardo -Yiyo- Cruz, asimismo, fue presentada la delegaci\u00f3n de Santiago, que particip\u00f3 en diferentes disciplinas en los mencionados Juegos Ol\u00edmpicos, V\u00edctor Estrella, Katherine Rodr\u00edguez, Eduardo Lorenzo, la arbitro Paola Cuello, los delagados, Jorge Blas D\u00edaz y Juan Vila. <\/p>\n<\/p>\n<p>\tEl acto comenz\u00f3 con el Himno Nacional, bendici\u00f3n religiosa a cargo del di\u00e1cono cat\u00f3lico Crist\u00f3bal Tav\u00e1rez; semblanza de don Panch\u00f3n Tejada por el licenciado V\u00edctor Garc\u00eda Sued, ejecutivo de UDESA y SAFADESA, las palabras de bienvenida las dijo la se\u00f1ora Mirtha G\u00f3mez, ejecutiva de UTESA y el discurso central por el se\u00f1or Emmanuel Garc\u00eda Musa, presidente de UDESA.<\/p>\n<\/p>\n<p>ATLETAS GALARDONADOS:<\/p>\n<p>\tAjedrez: Masculino juvenil, Lendry Marrero y en infantil, Engel Marte; arte y cultura: infantil, Jordani Estrella Peralta y Angela Mar\u00eda Rodr\u00edguez; juvenil, Jos\u00e9 Gregorio Ru\u00edz P\u00e9rez y Massiel Almonte V\u00e1squez; atletismo infantil, Jenesis Mar\u00eda Fern\u00e1ndez y Egerin Goris de los Santos; juvenil, Cristopher Cruz y Judith Avisa\u00ed Rosario.<\/p>\n<\/p>\n<p>\tBaloncesto infantil, Stephany Gil y Nabsel Alix; juvenil, Frandy Mart\u00ednez y Chambelyne Espinal; b\u00e9isbol juvenil, Yohandry Sequera e infanil, Christopher Guzm\u00e1n; boxeo infantil, Jorge Abel Santana y Elisabeth Lisandy Espinal; juvenil, Raudyn Jos\u00e9 Reinoso Castro y Ramely Cristina Cabrera Tejada.<\/p>\n<\/p>\n<p>\tCiclismo juvenil, Michael Qui\u00f1ones y Vanessa de la Cruz Rodr\u00edguez; infantil, Jos\u00e9 Junior Gonz\u00e1lez; deportes especiales juvenil, Jean Lu\u00eds Pe\u00f1a y Mabel Guti\u00e9rrez; infantil, Justin Fern\u00e1ndez; esgrima infantil, Stefano Tacones V\u00e1squez y juvenil, Oscar Ventura Ure\u00f1a.<\/p>\n<\/p>\n<p>\tF\u00fatbol juvenil, Diarys Rodr\u00edguez y Eddy Est\u00e9vez; gimnasia infantil, Huascar Pi\u00f1eyro y Diana P\u00e9rez; juvenil, Pamela Olivares y Javier de Jes\u00fas Polanco; hockey juvenil, Jean Carlos Rodr\u00edguez y Romarlyn Dur\u00e1n e infantil, Fraylin Paulino; judo infantil, Scarlett y Arturo Jim\u00e9nez; juvenil, Yusmery Gonz\u00e1lez y Jovanny Reyes.<\/p>\n<\/p>\n<p>\tKarate juvenil, Larry Aracena y Vicmaris Ure\u00f1a; infantil, Melquis Cabrera y Cristal Veras; levantamiento de pesas infantil, Karian Cristabell Pe\u00f1a y juvenil, Alex Junior Espinal; lucha juvenil, George Alex\u00e1nder G\u00f3mez y M\u00e1xima Esmeralda Burgos; infantil, Alex\u00e1nder Est\u00e9vez y Shanel Rivas Reynoso.<\/p>\n<\/p>\n<p>\tMotocross, Skarling D\u00edaz y Jovanny Valerio; nataci\u00f3n infantil, Noelia Camacho y Nathaniel Olivares; juvenil, Dafrielys Ortiz y Hallester Jim\u00e9nez; patinaje juvenil, Chauny Ram\u00edrez y Jade Arjona; infantil, Randy Rosario y Carla Garc\u00eda.<\/p>\n<\/p>\n<p>\tTaekwando infantil, Cristopher Junior Torres Rosa y Katherine Menc\u00eda; juvenil, Carlos Peralta y Xiomara Torres; tenis de campo juvenil, Alejandro Gandini; infantil, Daniela Garc\u00eda y Erick Guzm\u00e1n; <\/p>\n<\/p>\n<p>tenis de de mesa juvenil, Marcos Tav\u00e1rez y Cinthia Pe\u00f1a; infantil, Ram\u00f3n Vila y Arianna Estrella.<\/p>\n<p>\tTiro con arco infantil, Emilio L\u00f3pez; juvenil, Rub\u00e9n Jim\u00e9nez y Ana Steffani; triatl\u00f3n infantil, Jimena Fern\u00e1ndez y Stharlin Villam\u00e1n; juvenil, Karla Paniagua y John Pe\u00f1a; volibol infantil, Liandy Rodr\u00edguez y Kevin Cruz; juvenil, Julissa Fern\u00e1ndez y Oliver Collado.<\/p>\n<\/p>\n<p>\tEn el acto fue realizada una exhibici\u00f3n de karate por el equipo del Ej\u00e9rcito Nacional y otra de esgrima por la selecci\u00f3n de Santiago, mientras que un grupo de lechones de Los Centinelas infantiles de la Uni\u00f3n Carnavalezca de Santiago y otro del ensanche Berm\u00fadez, cerr\u00f3 el evento.<\/p>\n<\/p>\n<p>\tLa actividad fue auspiciada por MIDEREC, C\u00e1mara de Diputados, Alcald\u00eda de Santiago, Edenorte, Pr\u00e9stamos a las Ordenes, Malta Morena, Universidad Tecnol\u00f3gica de Santiago, Cementos Cibao, Aeropuerto Internacional del Cibao, supermercado La Fuente, De Nosotros Deportes, Solutech y otros.<\/p>\n<h6> 2017-04-28 12:22:05 <\/h6>\n<p><!--\n<link rel=\"stylesheet\" href=\"css\/bootstrap.min.css\">\n\n\n<ul class=\"pagination\">\n\t    \n\t\n\n<li >\n\t<a href='?page_no=8980'>Previous<\/a>\n\t<\/li>\n\n\n       \n    \n\n<li><a href='?page_no=1'>1<\/a><\/li>\n\n\n\n<li><a href='?page_no=2'>2<\/a><\/li>\n\n\n\n<li><a>...<\/a><\/li>\n\n\n\n<li><a href='?page_no=8979'>8979<\/a><\/li>\n\n\n\n<li><a href='?page_no=8980'>8980<\/a><\/li>\n\n\n\n<li class='active'><a>8981<\/a><\/li>\n\n\n\n<li><a href='?page_no=8982'>8982<\/a><\/li>\n\n\n\n<li><a href='?page_no=8983'>8983<\/a><\/li>\n\n\n\n<li><a>...<\/a><\/li>\n\n\n\n<li><a href='?page_no=36618'>36618<\/a><\/li>\n\n\n\n<li><a href='?page_no=36619'>36619<\/a><\/li>\n\n    \n\t\n\n<li >\n\t<a href='?page_no=8982'>Next<\/a>\n\t<\/li>\n\n\n    \n\n<li><a href='?page_no=36619'>Last &rsaquo;&rsaquo;<\/a><\/li>\n\n<\/ul>\n\n\n--><br \/>\n<\/body><\/p>\n","protected":false},"excerpt":{"rendered":"<p>Santiago, 28 de abril.- El karateca, Larry Aracena; la taekwondoista, Xiomara Torres, en juvenil, as\u00ed como el karateca, Melquis Cabrera y la gimnasta, Diana P\u00e9rez, en infantil, fueron escogidos atletas del a\u00f1o, en la IX Premiaci\u00f3n Anual Don Panch\u00f3n Tejada que realiz\u00f3 en la Uni\u00f3n Deportiva de Santiago, Inc. (UDESA). Teniendo como escenario el Auditorio [&hellip;]<\/p>\n","protected":false},"author":3,"featured_media":0,"comment_status":"open","ping_status":"open","sticky":false,"template":"","format":"standard","meta":{"footnotes":""},"categories":[17],"tags":[],"class_list":["post-209704","post","type-post","status-publish","format-standard","hentry","category-deportes"],"_links":{"self":[{"href":"https:\/\/diariodominicano.com\/index.php?rest_route=\/wp\/v2\/posts\/209704","targetHints":{"allow":["GET"]}}],"collection":[{"href":"https:\/\/diariodominicano.com\/index.php?rest_route=\/wp\/v2\/posts"}],"about":[{"href":"https:\/\/diariodominicano.com\/index.php?rest_route=\/wp\/v2\/types\/post"}],"author":[{"embeddable":true,"href":"https:\/\/diariodominicano.com\/index.php?rest_route=\/wp\/v2\/users\/3"}],"replies":[{"embeddable":true,"href":"https:\/\/diariodominicano.com\/index.php?rest_route=%2Fwp%2Fv2%2Fcomments&post=209704"}],"version-history":[{"count":0,"href":"https:\/\/diariodominicano.com\/index.php?rest_route=\/wp\/v2\/posts\/209704\/revisions"}],"wp:attachment":[{"href":"https:\/\/diariodominicano.com\/index.php?rest_route=%2Fwp%2Fv2%2Fmedia&parent=209704"}],"wp:term":[{"taxonomy":"category","embeddable":true,"href":"https:\/\/diariodominicano.com\/index.php?rest_route=%2Fwp%2Fv2%2Fcategories&post=209704"},{"taxonomy":"post_tag","embeddable":true,"href":"https:\/\/diariodominicano.com\/index.php?rest_route=%2Fwp%2Fv2%2Ftags&post=209704"}],"curies":[{"name":"wp","href":"https:\/\/api.w.org\/{rel}","templated":true}]}}