{"id":209701,"date":"2017-04-28T14:35:15","date_gmt":"2017-04-28T14:35:15","guid":{"rendered":"http:\/\/diariodominicano.ddns.net\/?p=209701"},"modified":"2017-04-28T14:35:15","modified_gmt":"2017-04-28T14:35:15","slug":"italiano-felline-retiene-punta-de-vuelta-ciclistica-a-romandia","status":"publish","type":"post","link":"https:\/\/diariodominicano.com\/?p=209701","title":{"rendered":"Italiano Felline retiene punta de Vuelta Cicl\u00edstica a Romand\u00eda"},"content":{"rendered":"<p><body><\/p>\n<p><img decoding=\"async\" src=\"img3\/Fabio_Felline.jpg\" \/>  <\/p>\n<p><span class=\"text1noticias\">Payerne, Suiza, 28 abr (PL) El ciclista italiano Fabio Felline retuvo el liderato de la Vuelta a Romand\u00eda tras cumplirse hoy la tercera etapa, corrida aqu\u00ed en un ciruito de 187 kil\u00f3metros que gan\u00f3 su compatriota Elio Viviani.<\/span><\/p>\n<p><span class=\"text1noticias\"> <\/span><\/p>\n<p><span class=\"text1noticias\">Felline entr\u00f3 junto al pelot\u00f3n de avanzada con el mismo tiempo que el puntero Viviani de cuatro horas 27 minutos y 42 segundos.<\/span><\/p>\n<p><span class=\"text1noticias\"> <\/span><\/p>\n<p><span class=\"text1noticias\">Con el resultado, el pedalista de la formaci\u00f3n estadounidense Trek-Segafredo lidera la clasificaci\u00f3n general con 12:40.24 horas, ocho segundos por delante de sus m\u00e1s enconados rivales, el alem\u00e1n Maximilian Schachmann y el espa\u00f1ol Jes\u00fas Herrada.<\/span><\/p>\n<p><span class=\"text1noticias\"> <\/span><\/p>\n<p><span class=\"text1noticias\">Ma\u00f1ana se correr\u00e1 la etapa reina de la lid, prevista desde Domdidier hasta Leysin sobre 163,5 kil\u00f3metros de un trazado que contar\u00e1 con tres puertos de primera categor\u00eda y uno de segunda.<\/span><\/p>\n<p><span class=\"text1noticias\"> <\/span><\/p>\n<p><span class=\"text1noticias\">-Clasificaci\u00f3n de la tercera etapa: <\/span><\/p>\n<p><span class=\"text1noticias\"> <\/span><\/p>\n<p><span class=\"text1noticias\">-1. Elia Viviani (Ita\/Team Sky) 4:27.42 horas.<\/span><\/p>\n<p><span class=\"text1noticias\"> <\/span><\/p>\n<p><span class=\"text1noticias\">-2. Sonny Colbrelli (Ita\/Bahrain-Merida) mismo tiempo.<\/span><\/p>\n<p><span class=\"text1noticias\"> <\/span><\/p>\n<p><span class=\"text1noticias\">-3. Michael Schwarzmann (Ale\/Bora-Hansgrohe) m.t. -4. Alexander Edmondson (Aus\/Orica-Scott) m.t.<\/span><\/p>\n<p><span class=\"text1noticias\"> <\/span><\/p>\n<p><span class=\"text1noticias\">-5. Samuel Dumoulin (Fra\/AG2R La Mondiale) m.t.<\/span><\/p>\n<p><span class=\"text1noticias\"> <\/span><\/p>\n<p><span class=\"text1noticias\">-Primeros en la general individual: <\/span><\/p>\n<p><span class=\"text1noticias\"> <\/span><\/p>\n<p><span class=\"text1noticias\">-1. Fabio Felline (Ita\/Trek-Segafredo) 12:40.24 horas.<\/span><\/p>\n<p><span class=\"text1noticias\"> <\/span><\/p>\n<p><span class=\"text1noticias\">-2. Maximilian Schachmann (Ale\/Quick-Step Floors) a 00.08 segundos.<\/span><\/p>\n<p><span class=\"text1noticias\"> <\/span><\/p>\n<p><span class=\"text1noticias\">-3. Jesus Herrada (Esp\/Movistar Team) a 00.08 segundos.<\/span><\/p>\n<p><span class=\"text1noticias\"> <\/span><\/p>\n<p><span class=\"text1noticias\">-4. Primoz Roglic (Slo\/Team LottoNl-Jumbo) a 00.09 segundos.<\/span><\/p>\n<p><span class=\"text1noticias\"> <\/span><\/p>\n<p><span class=\"text1noticias\">-5. Ion Izagirre (Esp\/Bahrain-Merida) a 00.12 segundos.<\/span><\/p>\n<p><span class=\"text1noticias\"> <\/span><\/p>\n<p><span class=\"text1noticias\">-6. Bob Jungels (Lux\/Quick-Step Floors) a 00.12 segundos.<\/span><\/p>\n<p><span class=\"text1noticias\"> <\/span><\/p>\n<p><span class=\"text1noticias\">-7. Jos\u00e9 Gon\u00e2?\u00edalves (Por\/Katusha-Alpecin) a 00.13 segundos.<\/span><\/p>\n<p><span class=\"text1noticias\"> <\/span><\/p>\n<p><span class=\"text1noticias\">-8. Ruben Fernandez (Esp\/Movistar Team) a 00.13 segundos.<\/span><\/p>\n<p><span class=\"text1noticias\"> <\/span><\/p>\n<p><span class=\"text1noticias\">-9. Michael Albasini (Sui\/Orica-Scott) a 00.14 segundos.<\/span><\/p>\n<p><span class=\"text1noticias\"> <\/span><\/p>\n<p><span class=\"text1noticias\">-10. Jonathan Castroviejo (Esp\/Movistar Team<\/span>) a 00.14 segundos.<\/p>\n<h6> 2017-04-28 14:35:15 <\/h6>\n<p><!--\n<link rel=\"stylesheet\" href=\"css\/bootstrap.min.css\">\n\n\n<ul class=\"pagination\">\n\t    \n\t\n\n<li >\n\t<a href='?page_no=8978'>Previous<\/a>\n\t<\/li>\n\n\n       \n    \n\n<li><a href='?page_no=1'>1<\/a><\/li>\n\n\n\n<li><a href='?page_no=2'>2<\/a><\/li>\n\n\n\n<li><a>...<\/a><\/li>\n\n\n\n<li><a href='?page_no=8977'>8977<\/a><\/li>\n\n\n\n<li><a href='?page_no=8978'>8978<\/a><\/li>\n\n\n\n<li class='active'><a>8979<\/a><\/li>\n\n\n\n<li><a href='?page_no=8980'>8980<\/a><\/li>\n\n\n\n<li><a href='?page_no=8981'>8981<\/a><\/li>\n\n\n\n<li><a>...<\/a><\/li>\n\n\n\n<li><a href='?page_no=36618'>36618<\/a><\/li>\n\n\n\n<li><a href='?page_no=36619'>36619<\/a><\/li>\n\n    \n\t\n\n<li >\n\t<a href='?page_no=8980'>Next<\/a>\n\t<\/li>\n\n\n    \n\n<li><a href='?page_no=36619'>Last &rsaquo;&rsaquo;<\/a><\/li>\n\n<\/ul>\n\n\n--><br \/>\n<\/body><\/p>\n","protected":false},"excerpt":{"rendered":"<p>Payerne, Suiza, 28 abr (PL) El ciclista italiano Fabio Felline retuvo el liderato de la Vuelta a Romand\u00eda tras cumplirse hoy la tercera etapa, corrida aqu\u00ed en un ciruito de 187 kil\u00f3metros que gan\u00f3 su compatriota Elio Viviani. Felline entr\u00f3 junto al pelot\u00f3n de avanzada con el mismo tiempo que el puntero Viviani de cuatro [&hellip;]<\/p>\n","protected":false},"author":3,"featured_media":0,"comment_status":"open","ping_status":"open","sticky":false,"template":"","format":"standard","meta":{"footnotes":""},"categories":[17],"tags":[],"class_list":["post-209701","post","type-post","status-publish","format-standard","hentry","category-deportes"],"_links":{"self":[{"href":"https:\/\/diariodominicano.com\/index.php?rest_route=\/wp\/v2\/posts\/209701","targetHints":{"allow":["GET"]}}],"collection":[{"href":"https:\/\/diariodominicano.com\/index.php?rest_route=\/wp\/v2\/posts"}],"about":[{"href":"https:\/\/diariodominicano.com\/index.php?rest_route=\/wp\/v2\/types\/post"}],"author":[{"embeddable":true,"href":"https:\/\/diariodominicano.com\/index.php?rest_route=\/wp\/v2\/users\/3"}],"replies":[{"embeddable":true,"href":"https:\/\/diariodominicano.com\/index.php?rest_route=%2Fwp%2Fv2%2Fcomments&post=209701"}],"version-history":[{"count":0,"href":"https:\/\/diariodominicano.com\/index.php?rest_route=\/wp\/v2\/posts\/209701\/revisions"}],"wp:attachment":[{"href":"https:\/\/diariodominicano.com\/index.php?rest_route=%2Fwp%2Fv2%2Fmedia&parent=209701"}],"wp:term":[{"taxonomy":"category","embeddable":true,"href":"https:\/\/diariodominicano.com\/index.php?rest_route=%2Fwp%2Fv2%2Fcategories&post=209701"},{"taxonomy":"post_tag","embeddable":true,"href":"https:\/\/diariodominicano.com\/index.php?rest_route=%2Fwp%2Fv2%2Ftags&post=209701"}],"curies":[{"name":"wp","href":"https:\/\/api.w.org\/{rel}","templated":true}]}}