{"id":209699,"date":"2017-04-28T15:53:46","date_gmt":"2017-04-28T15:53:46","guid":{"rendered":"http:\/\/diariodominicano.ddns.net\/?p=209699"},"modified":"2017-04-28T15:53:46","modified_gmt":"2017-04-28T15:53:46","slug":"futbolista-espanol-alcantara-extiende-contrato-con-bayern-munich","status":"publish","type":"post","link":"https:\/\/diariodominicano.com\/?p=209699","title":{"rendered":"Futbolista espa\u00f1ol Alc\u00e1ntara extiende contrato con Bayern Munich"},"content":{"rendered":"<p><body><\/p>\n<p><span class=\"text1noticias\">Munich, Alemania, 28 abr (PL) El mediocampista espa\u00f1ol Thiago Alc\u00e1ntara extendi\u00f3 sus v\u00ednculos con el club alem\u00e1n Bayern Munich hasta el 30 de junio de 2021, confirm\u00f3 hoy aqu\u00ed la directiva del equipo.<\/span><\/p>\n<p><span class=\"text1noticias\"> <\/span><\/p>\n<p><span class=\"text1noticias\">&#8216;Thiago es uno de los mejores y m\u00e1s solicitados mediocampistas en Europa y es por ello que estamos muy contentos de poder extender su contrato con el Bayern&#8217;, afirm\u00f3 en la ceremonia Karl-Heinz Rummenigge, presidente de la junta directiva del club.<\/span><\/p>\n<p><span class=\"text1noticias\"> <\/span><\/p>\n<p><span class=\"text1noticias\">Alcantara, cuyo fichaje expiraba en 2019, declar\u00f3 su satisfacci\u00f3n de continuar con el varias veces campe\u00f3n de la Bundesliga y asegur\u00f3 que tanto \u00e9l como su familia est\u00e1n muy alegres por el nuevo convenio.<\/span><\/p>\n<p><span class=\"text1noticias\"> <\/span><\/p>\n<p><span class=\"text1noticias\">&#8216;Mi familia y yo nos sentimos muy bien en M\u00fanich. Quiero ganar muchos t\u00edtulos en el futuro con el Bayern&#8217;, sostuvo el jugador de origen brasile\u00f1o.<\/span><\/p>\n<p><span class=\"text1noticias\"> <\/span><\/p>\n<p><span class=\"text1noticias\">El centrocampista espa\u00f1ol lleg\u00f3 al conjunto &#8216;muniqu\u00e9s&#8217; en 2013 procedente del Barcelona y desde entonces gan\u00f3 tres t\u00edtulos de Bundesliga, dos Copas y una Supercopa de Alemania, as\u00ed como un Mundial de Clubes y una Supercopa de Europa.<\/span><\/p>\n<p><span class=\"text1noticias\"> <\/span><\/p>\n<p><span class=\"text1noticias\">Con el elenco azulgrana, el futbolista de 26 a\u00f1os conquist\u00f3 tres Ligas, dos Supercopas y una Copa del Rey de Espa\u00f1a, adem\u00e1s de Una Liga de Campeones y una Supercopa del continente.<\/span><\/p>\n<p><span class=\"text1noticias\"> <\/span><\/p>\n<p><span class=\"text1noticias\">Esta es la segunda renovaci\u00f3n del Bayern en la semana tras oficializar la v\u00edspera hasta el 2020 la del delantero franc\u00e9s Kingsley <\/span>Coman.<\/p>\n<h6> 2017-04-28 15:53:46 <\/h6>\n<p><!--\n<link rel=\"stylesheet\" href=\"css\/bootstrap.min.css\">\n\n\n<ul class=\"pagination\">\n\t    \n\t\n\n<li >\n\t<a href='?page_no=8976'>Previous<\/a>\n\t<\/li>\n\n\n       \n    \n\n<li><a href='?page_no=1'>1<\/a><\/li>\n\n\n\n<li><a href='?page_no=2'>2<\/a><\/li>\n\n\n\n<li><a>...<\/a><\/li>\n\n\n\n<li><a href='?page_no=8975'>8975<\/a><\/li>\n\n\n\n<li><a href='?page_no=8976'>8976<\/a><\/li>\n\n\n\n<li class='active'><a>8977<\/a><\/li>\n\n\n\n<li><a href='?page_no=8978'>8978<\/a><\/li>\n\n\n\n<li><a href='?page_no=8979'>8979<\/a><\/li>\n\n\n\n<li><a>...<\/a><\/li>\n\n\n\n<li><a href='?page_no=36618'>36618<\/a><\/li>\n\n\n\n<li><a href='?page_no=36619'>36619<\/a><\/li>\n\n    \n\t\n\n<li >\n\t<a href='?page_no=8978'>Next<\/a>\n\t<\/li>\n\n\n    \n\n<li><a href='?page_no=36619'>Last &rsaquo;&rsaquo;<\/a><\/li>\n\n<\/ul>\n\n\n--><br \/>\n<\/body><\/p>\n","protected":false},"excerpt":{"rendered":"<p>Munich, Alemania, 28 abr (PL) El mediocampista espa\u00f1ol Thiago Alc\u00e1ntara extendi\u00f3 sus v\u00ednculos con el club alem\u00e1n Bayern Munich hasta el 30 de junio de 2021, confirm\u00f3 hoy aqu\u00ed la directiva del equipo. &#8216;Thiago es uno de los mejores y m\u00e1s solicitados mediocampistas en Europa y es por ello que estamos muy contentos de poder [&hellip;]<\/p>\n","protected":false},"author":3,"featured_media":0,"comment_status":"open","ping_status":"open","sticky":false,"template":"","format":"standard","meta":{"footnotes":""},"categories":[17],"tags":[],"class_list":["post-209699","post","type-post","status-publish","format-standard","hentry","category-deportes"],"_links":{"self":[{"href":"https:\/\/diariodominicano.com\/index.php?rest_route=\/wp\/v2\/posts\/209699","targetHints":{"allow":["GET"]}}],"collection":[{"href":"https:\/\/diariodominicano.com\/index.php?rest_route=\/wp\/v2\/posts"}],"about":[{"href":"https:\/\/diariodominicano.com\/index.php?rest_route=\/wp\/v2\/types\/post"}],"author":[{"embeddable":true,"href":"https:\/\/diariodominicano.com\/index.php?rest_route=\/wp\/v2\/users\/3"}],"replies":[{"embeddable":true,"href":"https:\/\/diariodominicano.com\/index.php?rest_route=%2Fwp%2Fv2%2Fcomments&post=209699"}],"version-history":[{"count":0,"href":"https:\/\/diariodominicano.com\/index.php?rest_route=\/wp\/v2\/posts\/209699\/revisions"}],"wp:attachment":[{"href":"https:\/\/diariodominicano.com\/index.php?rest_route=%2Fwp%2Fv2%2Fmedia&parent=209699"}],"wp:term":[{"taxonomy":"category","embeddable":true,"href":"https:\/\/diariodominicano.com\/index.php?rest_route=%2Fwp%2Fv2%2Fcategories&post=209699"},{"taxonomy":"post_tag","embeddable":true,"href":"https:\/\/diariodominicano.com\/index.php?rest_route=%2Fwp%2Fv2%2Ftags&post=209699"}],"curies":[{"name":"wp","href":"https:\/\/api.w.org\/{rel}","templated":true}]}}