{"id":209697,"date":"2017-04-28T16:03:59","date_gmt":"2017-04-28T16:03:59","guid":{"rendered":"http:\/\/diariodominicano.ddns.net\/?p=209697"},"modified":"2017-04-28T16:03:59","modified_gmt":"2017-04-28T16:03:59","slug":"los-mets-colocaron-a-cespedes-en-la-lista-de-lesionados-de-10-dias","status":"publish","type":"post","link":"https:\/\/diariodominicano.com\/?p=209697","title":{"rendered":"Los Mets colocaron a C\u00e9spedes en la lista de lesionados de 10 d\u00edas"},"content":{"rendered":"<p><body><\/p>\n<p><span class=\"text1noticias\">Por Anthony DiComo \/ MLB.com<\/span><\/p>\n<p><span class=\"text1noticias\"> <\/span><\/p>\n<p><span class=\"text1noticias\">NUEVA YORK, 28 de abril, 2017&#8211; Los Mets anunciaron el viernes que el cubano Yoenis C\u00e9spedes, quien sufri\u00f3 un tir\u00f3n en el tend\u00f3n de la corva izquierda durante el juego del jueves ante los Bravos, fue colocado en la lista de lesionados de 10 d\u00edas, una lesi\u00f3n que podr\u00eda mantenerlo fuera m\u00e1s tiempo que eso.<\/span><\/p>\n<p><span class=\"text1noticias\"> <\/span><\/p>\n<p><span class=\"text1noticias\">Los Mets llamaron al lanzador Sean Gilmartin desde Triple-A Las Vegas para tomar el puesto de C\u00e9spedes en el roster. El movimiento le da a los Mets un lanzador extra para el bullpen y una banca de s\u00f3lo cuatro peloteros.<\/span><\/p>\n<\/p>\n<p><span class=\"text1noticias\">C\u00e9spedes lleg\u00f3 cojeando a segunda base despu\u00e9s de pegar un doble para abrir la cuarta entrada el jueves antes de abandonar el terreno junto al preparador f\u00edsico Ray Ram\u00edrez.<\/span><\/p>\n<\/p>\n<p><span class=\"text1noticias\">La lesi\u00f3n se produjo una semana despu\u00e9s de que el toletero sufriese su primer problema con el tend\u00f3n de la corva en un juego ante los Filis. Se perdi\u00f3 los tres pr\u00f3ximos compromisos y recibi\u00f3 dos d\u00edas de descanso adiciones debido a un d\u00eda libre del equipo y un suspendido por lluvia. Pero s\u00f3lo juego 13 innings contra los Bravos antes de lesionarse nuevamente.<\/span><\/p>\n<\/p>\n<p><span class=\"text1noticias\">Con la ausencia de C\u00e9spedes, Michael Conforto, Curtis Granderson, Juan Lagares y Jay Bruce se encargar\u00e1n de cubrir los jardines de los Mets.<\/span><\/p>\n<\/p>\n<p><span class=\"text1noticias\">C\u00e9spedes estaba bateando .270 con seis jonrones y .992 de OPS en 18 juego<\/span>s.<\/p>\n<h6> 2017-04-28 16:03:59 <\/h6>\n<p><!--\n<link rel=\"stylesheet\" href=\"css\/bootstrap.min.css\">\n\n\n<ul class=\"pagination\">\n\t    \n\t\n\n<li >\n\t<a href='?page_no=8974'>Previous<\/a>\n\t<\/li>\n\n\n       \n    \n\n<li><a href='?page_no=1'>1<\/a><\/li>\n\n\n\n<li><a href='?page_no=2'>2<\/a><\/li>\n\n\n\n<li><a>...<\/a><\/li>\n\n\n\n<li><a href='?page_no=8973'>8973<\/a><\/li>\n\n\n\n<li><a href='?page_no=8974'>8974<\/a><\/li>\n\n\n\n<li class='active'><a>8975<\/a><\/li>\n\n\n\n<li><a href='?page_no=8976'>8976<\/a><\/li>\n\n\n\n<li><a href='?page_no=8977'>8977<\/a><\/li>\n\n\n\n<li><a>...<\/a><\/li>\n\n\n\n<li><a href='?page_no=36618'>36618<\/a><\/li>\n\n\n\n<li><a href='?page_no=36619'>36619<\/a><\/li>\n\n    \n\t\n\n<li >\n\t<a href='?page_no=8976'>Next<\/a>\n\t<\/li>\n\n\n    \n\n<li><a href='?page_no=36619'>Last &rsaquo;&rsaquo;<\/a><\/li>\n\n<\/ul>\n\n\n--><br \/>\n<\/body><\/p>\n","protected":false},"excerpt":{"rendered":"<p>Por Anthony DiComo \/ MLB.com NUEVA YORK, 28 de abril, 2017&#8211; Los Mets anunciaron el viernes que el cubano Yoenis C\u00e9spedes, quien sufri\u00f3 un tir\u00f3n en el tend\u00f3n de la corva izquierda durante el juego del jueves ante los Bravos, fue colocado en la lista de lesionados de 10 d\u00edas, una lesi\u00f3n que podr\u00eda mantenerlo [&hellip;]<\/p>\n","protected":false},"author":3,"featured_media":0,"comment_status":"open","ping_status":"open","sticky":false,"template":"","format":"standard","meta":{"footnotes":""},"categories":[17],"tags":[],"class_list":["post-209697","post","type-post","status-publish","format-standard","hentry","category-deportes"],"_links":{"self":[{"href":"https:\/\/diariodominicano.com\/index.php?rest_route=\/wp\/v2\/posts\/209697","targetHints":{"allow":["GET"]}}],"collection":[{"href":"https:\/\/diariodominicano.com\/index.php?rest_route=\/wp\/v2\/posts"}],"about":[{"href":"https:\/\/diariodominicano.com\/index.php?rest_route=\/wp\/v2\/types\/post"}],"author":[{"embeddable":true,"href":"https:\/\/diariodominicano.com\/index.php?rest_route=\/wp\/v2\/users\/3"}],"replies":[{"embeddable":true,"href":"https:\/\/diariodominicano.com\/index.php?rest_route=%2Fwp%2Fv2%2Fcomments&post=209697"}],"version-history":[{"count":0,"href":"https:\/\/diariodominicano.com\/index.php?rest_route=\/wp\/v2\/posts\/209697\/revisions"}],"wp:attachment":[{"href":"https:\/\/diariodominicano.com\/index.php?rest_route=%2Fwp%2Fv2%2Fmedia&parent=209697"}],"wp:term":[{"taxonomy":"category","embeddable":true,"href":"https:\/\/diariodominicano.com\/index.php?rest_route=%2Fwp%2Fv2%2Fcategories&post=209697"},{"taxonomy":"post_tag","embeddable":true,"href":"https:\/\/diariodominicano.com\/index.php?rest_route=%2Fwp%2Fv2%2Ftags&post=209697"}],"curies":[{"name":"wp","href":"https:\/\/api.w.org\/{rel}","templated":true}]}}