{"id":209690,"date":"2017-04-30T09:34:39","date_gmt":"2017-04-30T09:34:39","guid":{"rendered":"http:\/\/diariodominicano.ddns.net\/?p=209690"},"modified":"2017-04-30T09:34:39","modified_gmt":"2017-04-30T09:34:39","slug":"fernando-alonso-no-toma-la-salida-en-el-gran-premio-de-rusia","status":"publish","type":"post","link":"https:\/\/diariodominicano.com\/?p=209690","title":{"rendered":"&#13;Fernando Alonso no toma la salida en el Gran Premio de Rusia"},"content":{"rendered":"<p><body><\/p>\n<p><img decoding=\"async\" src=\"img3\/6b5376a14b3877df96d896e8a4acef442d9c1618.jpg\" \/>  <\/p>\n<\/p>\n<p>AFP \/ Alexander Nemenov<\/p>\n<p>El piloto espa\u00f1ol de McLaren-Honda, Fernando Alonso, durante los entrenamientos del Gran Premio de Rusia de F\u00f3rmula 1, en el circuito de Sochi, el 29 de abril de 2017<\/p>\n<p>El piloto espa\u00f1ol Fernando Alonso (McLaren-Honda) no tom\u00f3 la salida en el Gran Premio de Rusia, este domingo en el Aut\u00f3dromo de Sochi, al no poder completar la vuelta de formaci\u00f3n.<\/p>\n<p>Con su coche parado, Alonso se baj\u00f3 y camin\u00f3 por el circuito ruso sin nadie alrededor.<\/p>\n<p>Es la primera vez que el campe\u00f3n del mundo en 2005 y 2006 con Renault no toma la salida en una carrera desde el Gran Premio de Estados Unidos en 2005<\/p>\n<h6> 2017-04-30 09:34:39 <\/h6>\n<p><!--\n<link rel=\"stylesheet\" href=\"css\/bootstrap.min.css\">\n\n\n<ul class=\"pagination\">\n\t    \n\t\n\n<li >\n\t<a href='?page_no=8968'>Previous<\/a>\n\t<\/li>\n\n\n       \n    \n\n<li><a href='?page_no=1'>1<\/a><\/li>\n\n\n\n<li><a href='?page_no=2'>2<\/a><\/li>\n\n\n\n<li><a>...<\/a><\/li>\n\n\n\n<li><a href='?page_no=8967'>8967<\/a><\/li>\n\n\n\n<li><a href='?page_no=8968'>8968<\/a><\/li>\n\n\n\n<li class='active'><a>8969<\/a><\/li>\n\n\n\n<li><a href='?page_no=8970'>8970<\/a><\/li>\n\n\n\n<li><a href='?page_no=8971'>8971<\/a><\/li>\n\n\n\n<li><a>...<\/a><\/li>\n\n\n\n<li><a href='?page_no=36618'>36618<\/a><\/li>\n\n\n\n<li><a href='?page_no=36619'>36619<\/a><\/li>\n\n    \n\t\n\n<li >\n\t<a href='?page_no=8970'>Next<\/a>\n\t<\/li>\n\n\n    \n\n<li><a href='?page_no=36619'>Last &rsaquo;&rsaquo;<\/a><\/li>\n\n<\/ul>\n\n\n--><br \/>\n<\/body><\/p>\n","protected":false},"excerpt":{"rendered":"<p>AFP \/ Alexander Nemenov El piloto espa\u00f1ol de McLaren-Honda, Fernando Alonso, durante los entrenamientos del Gran Premio de Rusia de F\u00f3rmula 1, en el circuito de Sochi, el 29 de abril de 2017 El piloto espa\u00f1ol Fernando Alonso (McLaren-Honda) no tom\u00f3 la salida en el Gran Premio de Rusia, este domingo en el Aut\u00f3dromo de [&hellip;]<\/p>\n","protected":false},"author":3,"featured_media":0,"comment_status":"open","ping_status":"open","sticky":false,"template":"","format":"standard","meta":{"footnotes":""},"categories":[17],"tags":[],"class_list":["post-209690","post","type-post","status-publish","format-standard","hentry","category-deportes"],"_links":{"self":[{"href":"https:\/\/diariodominicano.com\/index.php?rest_route=\/wp\/v2\/posts\/209690","targetHints":{"allow":["GET"]}}],"collection":[{"href":"https:\/\/diariodominicano.com\/index.php?rest_route=\/wp\/v2\/posts"}],"about":[{"href":"https:\/\/diariodominicano.com\/index.php?rest_route=\/wp\/v2\/types\/post"}],"author":[{"embeddable":true,"href":"https:\/\/diariodominicano.com\/index.php?rest_route=\/wp\/v2\/users\/3"}],"replies":[{"embeddable":true,"href":"https:\/\/diariodominicano.com\/index.php?rest_route=%2Fwp%2Fv2%2Fcomments&post=209690"}],"version-history":[{"count":0,"href":"https:\/\/diariodominicano.com\/index.php?rest_route=\/wp\/v2\/posts\/209690\/revisions"}],"wp:attachment":[{"href":"https:\/\/diariodominicano.com\/index.php?rest_route=%2Fwp%2Fv2%2Fmedia&parent=209690"}],"wp:term":[{"taxonomy":"category","embeddable":true,"href":"https:\/\/diariodominicano.com\/index.php?rest_route=%2Fwp%2Fv2%2Fcategories&post=209690"},{"taxonomy":"post_tag","embeddable":true,"href":"https:\/\/diariodominicano.com\/index.php?rest_route=%2Fwp%2Fv2%2Ftags&post=209690"}],"curies":[{"name":"wp","href":"https:\/\/api.w.org\/{rel}","templated":true}]}}