{"id":209685,"date":"2017-05-01T13:36:18","date_gmt":"2017-05-01T13:36:18","guid":{"rendered":"http:\/\/diariodominicano.ddns.net\/?p=209685"},"modified":"2017-05-01T13:36:18","modified_gmt":"2017-05-01T13:36:18","slug":"espanol-alarcon-gana-la-vuelta-a-asturias","status":"publish","type":"post","link":"https:\/\/diariodominicano.com\/?p=209685","title":{"rendered":"Espa\u00f1ol Alarc\u00f3n gana la Vuelta a Asturias"},"content":{"rendered":"<p><body><\/p>\n<p><img decoding=\"async\" src=\"img3\/raul-alarcon1.jpg\" \/>  <\/p>\n<p>Oviedo, Espa\u00f1a, 1 may (PL) El espa\u00f1ol Ra\u00fal Alarc\u00f3n gan\u00f3 hoy la edici\u00f3n 60 de la Vuelta Cicl\u00edstica a Asturias, al entrar primero en la meta de la tercera y \u00faltima etapa.<\/p>\n<\/p>\n<p>Luego de recorrer 120 kil\u00f3metros entre Cangas de Narcea y Oviedo, el pedalista del equipo W52\/FC Porto cruz\u00f3 la meta en la calle Ur\u00eda de la capital asturiana en solitario, con algunos metros de ventaja sobre su compatriota Oscar Sevilla.<\/p>\n<\/p>\n<p>En la general se repiti\u00f3 esta misma ubicaci\u00f3n, y tercero finaliz\u00f3 el portugu\u00e9s Joao Benta, del equipo Radio Popular Boavista.<\/p>\n<\/p>\n<p>Durante el tramo final de la etapa el colombiano Nairo Quintana, favorito tras ganar la v\u00edspera la etapa reina en el Alto del Acebo, atac\u00f3 en el puerto del Violeo, a 10 kil\u00f3metros de meta.<\/p>\n<\/p>\n<p>No obstante, Alarc\u00f3n respondi\u00f3 con fuerza y logr\u00f3 ganar la etapa y la vuelta.<\/p>\n<h6> 2017-05-01 13:36:18 <\/h6>\n<p><!--\n<link rel=\"stylesheet\" href=\"css\/bootstrap.min.css\">\n\n\n<ul class=\"pagination\">\n\t    \n\t\n\n<li >\n\t<a href='?page_no=8963'>Previous<\/a>\n\t<\/li>\n\n\n       \n    \n\n<li><a href='?page_no=1'>1<\/a><\/li>\n\n\n\n<li><a href='?page_no=2'>2<\/a><\/li>\n\n\n\n<li><a>...<\/a><\/li>\n\n\n\n<li><a href='?page_no=8962'>8962<\/a><\/li>\n\n\n\n<li><a href='?page_no=8963'>8963<\/a><\/li>\n\n\n\n<li class='active'><a>8964<\/a><\/li>\n\n\n\n<li><a href='?page_no=8965'>8965<\/a><\/li>\n\n\n\n<li><a href='?page_no=8966'>8966<\/a><\/li>\n\n\n\n<li><a>...<\/a><\/li>\n\n\n\n<li><a href='?page_no=36618'>36618<\/a><\/li>\n\n\n\n<li><a href='?page_no=36619'>36619<\/a><\/li>\n\n    \n\t\n\n<li >\n\t<a href='?page_no=8965'>Next<\/a>\n\t<\/li>\n\n\n    \n\n<li><a href='?page_no=36619'>Last &rsaquo;&rsaquo;<\/a><\/li>\n\n<\/ul>\n\n\n--><br \/>\n<\/body><\/p>\n","protected":false},"excerpt":{"rendered":"<p>Oviedo, Espa\u00f1a, 1 may (PL) El espa\u00f1ol Ra\u00fal Alarc\u00f3n gan\u00f3 hoy la edici\u00f3n 60 de la Vuelta Cicl\u00edstica a Asturias, al entrar primero en la meta de la tercera y \u00faltima etapa. Luego de recorrer 120 kil\u00f3metros entre Cangas de Narcea y Oviedo, el pedalista del equipo W52\/FC Porto cruz\u00f3 la meta en la calle [&hellip;]<\/p>\n","protected":false},"author":3,"featured_media":0,"comment_status":"open","ping_status":"open","sticky":false,"template":"","format":"standard","meta":{"footnotes":""},"categories":[17],"tags":[],"class_list":["post-209685","post","type-post","status-publish","format-standard","hentry","category-deportes"],"_links":{"self":[{"href":"https:\/\/diariodominicano.com\/index.php?rest_route=\/wp\/v2\/posts\/209685","targetHints":{"allow":["GET"]}}],"collection":[{"href":"https:\/\/diariodominicano.com\/index.php?rest_route=\/wp\/v2\/posts"}],"about":[{"href":"https:\/\/diariodominicano.com\/index.php?rest_route=\/wp\/v2\/types\/post"}],"author":[{"embeddable":true,"href":"https:\/\/diariodominicano.com\/index.php?rest_route=\/wp\/v2\/users\/3"}],"replies":[{"embeddable":true,"href":"https:\/\/diariodominicano.com\/index.php?rest_route=%2Fwp%2Fv2%2Fcomments&post=209685"}],"version-history":[{"count":0,"href":"https:\/\/diariodominicano.com\/index.php?rest_route=\/wp\/v2\/posts\/209685\/revisions"}],"wp:attachment":[{"href":"https:\/\/diariodominicano.com\/index.php?rest_route=%2Fwp%2Fv2%2Fmedia&parent=209685"}],"wp:term":[{"taxonomy":"category","embeddable":true,"href":"https:\/\/diariodominicano.com\/index.php?rest_route=%2Fwp%2Fv2%2Fcategories&post=209685"},{"taxonomy":"post_tag","embeddable":true,"href":"https:\/\/diariodominicano.com\/index.php?rest_route=%2Fwp%2Fv2%2Ftags&post=209685"}],"curies":[{"name":"wp","href":"https:\/\/api.w.org\/{rel}","templated":true}]}}