{"id":209673,"date":"2017-05-02T14:16:41","date_gmt":"2017-05-02T14:16:41","guid":{"rendered":"http:\/\/diariodominicano.ddns.net\/?p=209673"},"modified":"2017-05-02T14:16:41","modified_gmt":"2017-05-02T14:16:41","slug":"colombiano-falcao-ve-posible-derrotar-a-juventus-de-italia","status":"publish","type":"post","link":"https:\/\/diariodominicano.com\/?p=209673","title":{"rendered":"Colombiano Falcao ve posible derrotar a Juventus de Italia"},"content":{"rendered":"<p><body><\/p>\n<p><img decoding=\"async\" src=\"img3\/Falcao.jpg\" \/>  <\/p>\n<p><span class=\"text1noticias\">Par\u00eds, 2 may (PL) El atacante colombiano Radamel Falcao afirm\u00f3 hoy que su club, el AS M\u00f3naco, puede derrotar ma\u00f1ana a la Juventus de Tur\u00edn en las semifinales de la Liga de Campeones del f\u00fatbol europeo.<\/span><\/p>\n<p><span class=\"text1noticias\"> <\/span><\/p>\n<p><span class=\"text1noticias\">Es un equipo equilibrado, dif\u00edcil de mover, un gran bloque defensivo, pero todo es posible en el f\u00fatbol, manifest\u00f3 el goleador suramericano al diario franc\u00e9s L&#8217;Equipe sobre sus contrarios.<\/span><\/p>\n<p><span class=\"text1noticias\"> <\/span><\/p>\n<p><span class=\"text1noticias\">No obstante, Falcao record\u00f3 que el sector ofensivo del plantel monegasco es muy bueno, y por eso conf\u00eda en poder llevarse la eliminatoria.<\/span><\/p>\n<p><span class=\"text1noticias\"> <\/span><\/p>\n<p><span class=\"text1noticias\">Es la segunda vez que el colombiano juega una Liga de Campeones, tras la disputada con el Oporto portugu\u00e9s en la temporada 2009-2010.<\/span><\/p>\n<p><span class=\"text1noticias\"> <\/span><\/p>\n<p><span class=\"text1noticias\">A nivel personal, opin\u00f3 que de ganar las dos competiciones que est\u00e1n jugando, la europea y la Liga francesa, donde van primeros con 83 puntos, ser\u00eda la mejor temporada de su carrera.<\/span><\/p>\n<p><span class=\"text1noticias\"> <\/span><\/p>\n<p><span class=\"text1noticias\">El delantero de 31 a\u00f1os, al que le queda una campa\u00f1a de contrato, mostr\u00f3 en la entrevista su deseo de renovar y de alcanzar un acuerdo &#8216;que convenga a las dos partes&#8217;.<\/span><\/p>\n<p><span class=\"text1noticias\"> <\/span><\/p>\n<p><span class=\"text1noticias\">Falcao ha anotado 24 goles entre todas las competiciones este a\u00f1o, y es el colombiano con m\u00e1s perforaciones en el f\u00fatbol de Europa a trav\u00e9s de la his<\/span>toria.<\/p>\n<h6> 2017-05-02 14:16:41 <\/h6>\n<p><!--\n<link rel=\"stylesheet\" href=\"css\/bootstrap.min.css\">\n\n\n<ul class=\"pagination\">\n\t    \n\t\n\n<li >\n\t<a href='?page_no=8952'>Previous<\/a>\n\t<\/li>\n\n\n       \n    \n\n<li><a href='?page_no=1'>1<\/a><\/li>\n\n\n\n<li><a href='?page_no=2'>2<\/a><\/li>\n\n\n\n<li><a>...<\/a><\/li>\n\n\n\n<li><a href='?page_no=8951'>8951<\/a><\/li>\n\n\n\n<li><a href='?page_no=8952'>8952<\/a><\/li>\n\n\n\n<li class='active'><a>8953<\/a><\/li>\n\n\n\n<li><a href='?page_no=8954'>8954<\/a><\/li>\n\n\n\n<li><a href='?page_no=8955'>8955<\/a><\/li>\n\n\n\n<li><a>...<\/a><\/li>\n\n\n\n<li><a href='?page_no=36618'>36618<\/a><\/li>\n\n\n\n<li><a href='?page_no=36619'>36619<\/a><\/li>\n\n    \n\t\n\n<li >\n\t<a href='?page_no=8954'>Next<\/a>\n\t<\/li>\n\n\n    \n\n<li><a href='?page_no=36619'>Last &rsaquo;&rsaquo;<\/a><\/li>\n\n<\/ul>\n\n\n--><br \/>\n<\/body><\/p>\n","protected":false},"excerpt":{"rendered":"<p>Par\u00eds, 2 may (PL) El atacante colombiano Radamel Falcao afirm\u00f3 hoy que su club, el AS M\u00f3naco, puede derrotar ma\u00f1ana a la Juventus de Tur\u00edn en las semifinales de la Liga de Campeones del f\u00fatbol europeo. Es un equipo equilibrado, dif\u00edcil de mover, un gran bloque defensivo, pero todo es posible en el f\u00fatbol, manifest\u00f3 [&hellip;]<\/p>\n","protected":false},"author":3,"featured_media":0,"comment_status":"open","ping_status":"open","sticky":false,"template":"","format":"standard","meta":{"footnotes":""},"categories":[17],"tags":[],"class_list":["post-209673","post","type-post","status-publish","format-standard","hentry","category-deportes"],"_links":{"self":[{"href":"https:\/\/diariodominicano.com\/index.php?rest_route=\/wp\/v2\/posts\/209673","targetHints":{"allow":["GET"]}}],"collection":[{"href":"https:\/\/diariodominicano.com\/index.php?rest_route=\/wp\/v2\/posts"}],"about":[{"href":"https:\/\/diariodominicano.com\/index.php?rest_route=\/wp\/v2\/types\/post"}],"author":[{"embeddable":true,"href":"https:\/\/diariodominicano.com\/index.php?rest_route=\/wp\/v2\/users\/3"}],"replies":[{"embeddable":true,"href":"https:\/\/diariodominicano.com\/index.php?rest_route=%2Fwp%2Fv2%2Fcomments&post=209673"}],"version-history":[{"count":0,"href":"https:\/\/diariodominicano.com\/index.php?rest_route=\/wp\/v2\/posts\/209673\/revisions"}],"wp:attachment":[{"href":"https:\/\/diariodominicano.com\/index.php?rest_route=%2Fwp%2Fv2%2Fmedia&parent=209673"}],"wp:term":[{"taxonomy":"category","embeddable":true,"href":"https:\/\/diariodominicano.com\/index.php?rest_route=%2Fwp%2Fv2%2Fcategories&post=209673"},{"taxonomy":"post_tag","embeddable":true,"href":"https:\/\/diariodominicano.com\/index.php?rest_route=%2Fwp%2Fv2%2Ftags&post=209673"}],"curies":[{"name":"wp","href":"https:\/\/api.w.org\/{rel}","templated":true}]}}