{"id":209670,"date":"2017-05-02T14:29:17","date_gmt":"2017-05-02T14:29:17","guid":{"rendered":"http:\/\/diariodominicano.ddns.net\/?p=209670"},"modified":"2017-05-02T14:29:17","modified_gmt":"2017-05-02T14:29:17","slug":"guido-pella-otro-argentino-en-segunda-ronda-de-munich","status":"publish","type":"post","link":"https:\/\/diariodominicano.com\/?p=209670","title":{"rendered":"Guido Pella, otro argentino en segunda ronda de M\u00fanich"},"content":{"rendered":"<p><body><\/p>\n<p><span class=\"text1noticias\">M\u00fanich, Alemania, 2 may (PL) El tenista argentino Guido Pella se clasific\u00f3 hoy para la segunda ronda del torneo Abierto que se juega en esta ciudad alemana, luego de eliminar al anfitri\u00f3n Cedrik-Marcel Stebe.<\/span><\/p>\n<p><span class=\"text1noticias\"> <\/span><\/p>\n<p><span class=\"text1noticias\">Pella, procedente de la fase de clasificaci\u00f3n, no tuvo grandes problemas para imponerse 6-0 y 6-2 al germano, tambi\u00e9n proveniente de la etapa previa.<\/span><\/p>\n<p><span class=\"text1noticias\"> <\/span><\/p>\n<p><span class=\"text1noticias\">El raquetista albiceleste tendr\u00e1 un duro escollo en su siguiente compromiso, pues rivalizar\u00e1 con el italiano Fabio Fognini, cuarto favorito de la lid teutona.<\/span><\/p>\n<p><span class=\"text1noticias\"> <\/span><\/p>\n<p><span class=\"text1noticias\">M\u00e1s temprano hab\u00eda conseguido su pase a la siguiente instancia su compatriota Horacio Zeballos, tras batir 5-7, 6-2 y 7-5 al italiano Andreas Seppi.<\/span><\/p>\n<p><span class=\"text1noticias\"> <\/span><\/p>\n<p><span class=\"text1noticias\">Zeballos, quien avanz\u00f3 la pasada semana a las semifinales del Torneo Conde de God\u00f3, en Barcelona, se medir\u00e1 contra el vencedor del duelo entre el noruego Casper Ruud y el alem\u00e1n Philipp Kohlschreiber, quinto preclasificado.<\/span><\/p>\n<p><span class=\"text1noticias\"> <\/span><\/p>\n<p><span class=\"text1noticias\">El tambi\u00e9n llamado Abierto BMW se juega sobre tierra batida y reparte 482 mil 60 euros en premios, adem\u00e1s de puntos para el listado mundial de la discip<\/span>lina.<\/p>\n<h6> 2017-05-02 14:29:17 <\/h6>\n<p><!--\n<link rel=\"stylesheet\" href=\"css\/bootstrap.min.css\">\n\n\n<ul class=\"pagination\">\n\t    \n\t\n\n<li >\n\t<a href='?page_no=8949'>Previous<\/a>\n\t<\/li>\n\n\n       \n    \n\n<li><a href='?page_no=1'>1<\/a><\/li>\n\n\n\n<li><a href='?page_no=2'>2<\/a><\/li>\n\n\n\n<li><a>...<\/a><\/li>\n\n\n\n<li><a href='?page_no=8948'>8948<\/a><\/li>\n\n\n\n<li><a href='?page_no=8949'>8949<\/a><\/li>\n\n\n\n<li class='active'><a>8950<\/a><\/li>\n\n\n\n<li><a href='?page_no=8951'>8951<\/a><\/li>\n\n\n\n<li><a href='?page_no=8952'>8952<\/a><\/li>\n\n\n\n<li><a>...<\/a><\/li>\n\n\n\n<li><a href='?page_no=36618'>36618<\/a><\/li>\n\n\n\n<li><a href='?page_no=36619'>36619<\/a><\/li>\n\n    \n\t\n\n<li >\n\t<a href='?page_no=8951'>Next<\/a>\n\t<\/li>\n\n\n    \n\n<li><a href='?page_no=36619'>Last &rsaquo;&rsaquo;<\/a><\/li>\n\n<\/ul>\n\n\n--><br \/>\n<\/body><\/p>\n","protected":false},"excerpt":{"rendered":"<p>M\u00fanich, Alemania, 2 may (PL) El tenista argentino Guido Pella se clasific\u00f3 hoy para la segunda ronda del torneo Abierto que se juega en esta ciudad alemana, luego de eliminar al anfitri\u00f3n Cedrik-Marcel Stebe. Pella, procedente de la fase de clasificaci\u00f3n, no tuvo grandes problemas para imponerse 6-0 y 6-2 al germano, tambi\u00e9n proveniente de [&hellip;]<\/p>\n","protected":false},"author":3,"featured_media":0,"comment_status":"open","ping_status":"open","sticky":false,"template":"","format":"standard","meta":{"footnotes":""},"categories":[17],"tags":[],"class_list":["post-209670","post","type-post","status-publish","format-standard","hentry","category-deportes"],"_links":{"self":[{"href":"https:\/\/diariodominicano.com\/index.php?rest_route=\/wp\/v2\/posts\/209670","targetHints":{"allow":["GET"]}}],"collection":[{"href":"https:\/\/diariodominicano.com\/index.php?rest_route=\/wp\/v2\/posts"}],"about":[{"href":"https:\/\/diariodominicano.com\/index.php?rest_route=\/wp\/v2\/types\/post"}],"author":[{"embeddable":true,"href":"https:\/\/diariodominicano.com\/index.php?rest_route=\/wp\/v2\/users\/3"}],"replies":[{"embeddable":true,"href":"https:\/\/diariodominicano.com\/index.php?rest_route=%2Fwp%2Fv2%2Fcomments&post=209670"}],"version-history":[{"count":0,"href":"https:\/\/diariodominicano.com\/index.php?rest_route=\/wp\/v2\/posts\/209670\/revisions"}],"wp:attachment":[{"href":"https:\/\/diariodominicano.com\/index.php?rest_route=%2Fwp%2Fv2%2Fmedia&parent=209670"}],"wp:term":[{"taxonomy":"category","embeddable":true,"href":"https:\/\/diariodominicano.com\/index.php?rest_route=%2Fwp%2Fv2%2Fcategories&post=209670"},{"taxonomy":"post_tag","embeddable":true,"href":"https:\/\/diariodominicano.com\/index.php?rest_route=%2Fwp%2Fv2%2Ftags&post=209670"}],"curies":[{"name":"wp","href":"https:\/\/api.w.org\/{rel}","templated":true}]}}