{"id":209667,"date":"2017-05-02T21:11:04","date_gmt":"2017-05-02T21:11:04","guid":{"rendered":"http:\/\/diariodominicano.ddns.net\/?p=209667"},"modified":"2017-05-02T21:11:04","modified_gmt":"2017-05-02T21:11:04","slug":"danilo-comparte-orgullo-brillante-participacion-de-dominicanos-en-olimpiadas-especiales","status":"publish","type":"post","link":"https:\/\/diariodominicano.com\/?p=209667","title":{"rendered":"Danilo comparte orgullo brillante participaci\u00f3n de dominicanos en Olimp\u00edadas Especiales"},"content":{"rendered":"<p><body><\/p>\n<p><img decoding=\"async\" src=\"img3\/olimpiadasEspeciales2.jpg\" \/>  <\/p>\n<p><span class=\"text1noticias\">Santo Domingo, R. D., 2 de mayo, 2017 (DICOM).- El presidente Danilo Medina envi\u00f3 una carta de felicitaci\u00f3n a la Junta Directiva de Olimp\u00edadas Especiales. Comparti\u00f3 el orgullo por la brillante participaci\u00f3n de atletas dominicanos, en la competencia celebrada en Panam\u00e1.<\/span><\/p>\n<p><span class=\"text1noticias\"> <\/span><\/p>\n<p><span class=\"text1noticias\">\u00abMe complace expresarles las m\u00e1s sinceras congratulaciones en nombre del Gobierno y en el m\u00edo propio\u00bb, escribi\u00f3.<\/span><\/p>\n<p><span class=\"text1noticias\"> <\/span><\/p>\n<p><span class=\"text1noticias\">El jefe del Estado expres\u00f3 su satisfacci\u00f3n por las 50 medallas logradas por nuestros atletas especiales. La delegaci\u00f3n dominicana obtuvo 16 distinciones de oro, 14 de plata y 20 de bronce.<\/span><\/p>\n<p><span class=\"text1noticias\"> <\/span><\/p>\n<p><span class=\"text1noticias\">\u00abLes pido transmitir esta felicitaci\u00f3n a los integrantes de la delegaci\u00f3n, a sus padres, entrenadores\u00bb. Igualmente \u00abal personal de apoyo y a todas sus familias\u00bb.<\/span><\/p>\n<p><span class=\"text1noticias\"> <\/span><\/p>\n<p><span class=\"text1noticias\">Ellos y ellas pusieron en alto el nombre de nuestro pa\u00eds con su talento para las pr\u00e1cticas deportivas. Con su entusiasmo demostraron que s\u00ed pue<\/span>den.<\/p>\n<h6> 2017-05-02 21:11:04 <\/h6>\n<p><!--\n<link rel=\"stylesheet\" href=\"css\/bootstrap.min.css\">\n\n\n<ul class=\"pagination\">\n\t    \n\t\n\n<li >\n\t<a href='?page_no=8947'>Previous<\/a>\n\t<\/li>\n\n\n       \n    \n\n<li><a href='?page_no=1'>1<\/a><\/li>\n\n\n\n<li><a href='?page_no=2'>2<\/a><\/li>\n\n\n\n<li><a>...<\/a><\/li>\n\n\n\n<li><a href='?page_no=8946'>8946<\/a><\/li>\n\n\n\n<li><a href='?page_no=8947'>8947<\/a><\/li>\n\n\n\n<li class='active'><a>8948<\/a><\/li>\n\n\n\n<li><a href='?page_no=8949'>8949<\/a><\/li>\n\n\n\n<li><a href='?page_no=8950'>8950<\/a><\/li>\n\n\n\n<li><a>...<\/a><\/li>\n\n\n\n<li><a href='?page_no=36618'>36618<\/a><\/li>\n\n\n\n<li><a href='?page_no=36619'>36619<\/a><\/li>\n\n    \n\t\n\n<li >\n\t<a href='?page_no=8949'>Next<\/a>\n\t<\/li>\n\n\n    \n\n<li><a href='?page_no=36619'>Last &rsaquo;&rsaquo;<\/a><\/li>\n\n<\/ul>\n\n\n--><br \/>\n<\/body><\/p>\n","protected":false},"excerpt":{"rendered":"<p>Santo Domingo, R. D., 2 de mayo, 2017 (DICOM).- El presidente Danilo Medina envi\u00f3 una carta de felicitaci\u00f3n a la Junta Directiva de Olimp\u00edadas Especiales. Comparti\u00f3 el orgullo por la brillante participaci\u00f3n de atletas dominicanos, en la competencia celebrada en Panam\u00e1. \u00abMe complace expresarles las m\u00e1s sinceras congratulaciones en nombre del Gobierno y en el [&hellip;]<\/p>\n","protected":false},"author":3,"featured_media":0,"comment_status":"open","ping_status":"open","sticky":false,"template":"","format":"standard","meta":{"footnotes":""},"categories":[17],"tags":[],"class_list":["post-209667","post","type-post","status-publish","format-standard","hentry","category-deportes"],"_links":{"self":[{"href":"https:\/\/diariodominicano.com\/index.php?rest_route=\/wp\/v2\/posts\/209667","targetHints":{"allow":["GET"]}}],"collection":[{"href":"https:\/\/diariodominicano.com\/index.php?rest_route=\/wp\/v2\/posts"}],"about":[{"href":"https:\/\/diariodominicano.com\/index.php?rest_route=\/wp\/v2\/types\/post"}],"author":[{"embeddable":true,"href":"https:\/\/diariodominicano.com\/index.php?rest_route=\/wp\/v2\/users\/3"}],"replies":[{"embeddable":true,"href":"https:\/\/diariodominicano.com\/index.php?rest_route=%2Fwp%2Fv2%2Fcomments&post=209667"}],"version-history":[{"count":0,"href":"https:\/\/diariodominicano.com\/index.php?rest_route=\/wp\/v2\/posts\/209667\/revisions"}],"wp:attachment":[{"href":"https:\/\/diariodominicano.com\/index.php?rest_route=%2Fwp%2Fv2%2Fmedia&parent=209667"}],"wp:term":[{"taxonomy":"category","embeddable":true,"href":"https:\/\/diariodominicano.com\/index.php?rest_route=%2Fwp%2Fv2%2Fcategories&post=209667"},{"taxonomy":"post_tag","embeddable":true,"href":"https:\/\/diariodominicano.com\/index.php?rest_route=%2Fwp%2Fv2%2Ftags&post=209667"}],"curies":[{"name":"wp","href":"https:\/\/api.w.org\/{rel}","templated":true}]}}