{"id":209664,"date":"2017-05-03T22:46:06","date_gmt":"2017-05-03T22:46:06","guid":{"rendered":"http:\/\/diariodominicano.ddns.net\/?p=209664"},"modified":"2017-05-03T22:46:06","modified_gmt":"2017-05-03T22:46:06","slug":"presidente-medina-entrega-edificio-templo-de-la-fama-del-deportista-vegano","status":"publish","type":"post","link":"https:\/\/diariodominicano.com\/?p=209664","title":{"rendered":"Presidente Medina entrega edificio Templo de la Fama del Deportista Vegano"},"content":{"rendered":"<p><body><\/p>\n<p><img decoding=\"async\" src=\"img3\/Cordova3.jpg\" \/>  <\/p>\n<p><span class=\"text1noticias\">Santo Domingo, R. D., 3 de mayo, 2017 (DICOM).- \u00abNosotros los veganos nos sentimos agradecidos del esfuerzo que usted ha hecho para que esta obra se termine\u00bb. De esta manera Euclides S\u00e1nchez, senador de La Vega dio las gracias al presidente Danilo Medina.<\/span><\/p>\n<p><span class=\"text1noticias\"> <\/span><\/p>\n<p><span class=\"text1noticias\">Destac\u00f3 que hoy, el jefe de Estado hace realidad un sue\u00f1o anhelado de todos los veganos de m\u00e1s de 20 a\u00f1os. Entreg\u00f3 el Templo de la Fama del Deportista Vegano.<\/span><\/p>\n<p><span class=\"text1noticias\"> <\/span><\/p>\n<p><span class=\"text1noticias\">Danilo Medina, un hombre trabajador<\/span><\/p>\n<p><span class=\"text1noticias\"> <\/span><\/p>\n<p><span class=\"text1noticias\">Dijo que esta obra les permite a todos los hombres y mujeres de aqu\u00ed sentirse orgullosos del nombre de ciudad ol\u00edmpica.<\/span><\/p>\n<p><span class=\"text1noticias\"> <\/span><\/p>\n<p><span class=\"text1noticias\">\u00abSi ustedes analizan bien, del sector privado y el sector p\u00fablico, el hombre que m\u00e1s trabaja es el presidente Danilo Medina. Se\u00f1or presidente, solo resta decirle que usted cuenta con el apoyo del pueblo vegano\u00bb.<\/span><\/p>\n<p><span class=\"text1noticias\"> <\/span><\/p>\n<p><span class=\"text1noticias\">En el acto, el jefe de Estado recibi\u00f3 una placa de reconocimiento del Sal\u00f3n de la Fama del Deportista Vegano. Esto es, por el empe\u00f1o que puso Danilo para que la obra fuera terminada.<\/span><\/p>\n<p><span class=\"text1noticias\"> <\/span><\/p>\n<p><span class=\"text1noticias\">\u00abHemos llegado a nuestra casa\u00bb<\/span><\/p>\n<p><span class=\"text1noticias\"> <\/span><\/p>\n<p><span class=\"text1noticias\">Mientras que Luis Elpidio dijo que en el Templo de la Fama del Deportista Vegano son exaltados los atletas de trascendencia nacional e internacional. Adem\u00e1s se premia la conducta ejemplar.<\/span><\/p>\n<p><span class=\"text1noticias\"> <\/span><\/p>\n<p><span class=\"text1noticias\"> \u00abHemos llegado a nuestra casa, gracias se\u00f1or presidente\u00bb, manifest\u00f3 Elpidio, presidente del comit\u00e9 permanente del Comit\u00e9 de la Fama del Deportista Vegano.<\/span><\/p>\n<p><span class=\"text1noticias\"> <\/span><\/p>\n<p><span class=\"text1noticias\">Presidente recibe reconocimiento<\/span><\/p>\n<p><span class=\"text1noticias\"> <\/span><\/p>\n<p><span class=\"text1noticias\">Porfirio Veras, inmortal vegano, precis\u00f3 que resalt\u00f3 que los deportistas veganos tienen una tradici\u00f3n de lucha, conquista y competencia. Indic\u00f3 que La Vega sigue produciendo grandes atletas que se proyectan como estrellas en el firmamento.<\/span><\/p>\n<p><span class=\"text1noticias\"> <\/span><\/p>\n<p><span class=\"text1noticias\"> \u00abLa Vega se siente profundamente complacida por finalmente tener un lugar donde mostrar sus glorias y hechos deportivos despu\u00e9s de tantos a\u00f1os\u00bb.<\/span><\/p>\n<p><span class=\"text1noticias\"> <\/span><\/p>\n<p><span class=\"text1noticias\">Veras agradeci\u00f3 al ministro Jos\u00e9 Ram\u00f3n Peralta y a su padre, para que fuera una realidad la culminaci\u00f3n de este centro.<\/span><\/p>\n<p><span class=\"text1noticias\"> <\/span><\/p>\n<p><span class=\"text1noticias\">Danilo D\u00edaz, ministro de Deportes, se\u00f1al\u00f3 que la terminaci\u00f3n de la obra fue certera.<\/span><\/p>\n<p><span class=\"text1noticias\"> <\/span><\/p>\n<p><span class=\"text1noticias\">\u00abQuienes me han precedido en la palabra han podido hacer un recorrido de lo que esta provincia ha aportado al movimiento deportivo. La Vega ha sido pionera en muchas cosas, fue aqu\u00ed donde se jug\u00f3 el partido de b\u00e9isbol contra un equipo internacional\u00bb.<\/span><\/p>\n<p><span class=\"text1noticias\"> <\/span><\/p>\n<p><span class=\"text1noticias\">El Templo de la Fama ha tenido una labor intensa desde 1987 e inmortalizando glorias deportivas. La obra fue construida por la Comisi\u00f3n Presidencial de Desarrollo Provincial.<\/span><\/p>\n<p><span class=\"text1noticias\"> <\/span><\/p>\n<p><span class=\"text1noticias\">Sostenibilidad de la cultura vegana<\/span><\/p>\n<p><span class=\"text1noticias\"> <\/span><\/p>\n<p><span class=\"text1noticias\">\u00abDanilo Medina ha decidido construir esta majestuosa edificaci\u00f3n en la que se muestran personajes destacados del \u00e1mbito deportivo. Con esto contribuye a la sostenibilidad de la cultura en La Vega\u00bb, precis\u00f3 Francisco del Valle, presidente de esa entidad.<\/span><\/p>\n<p><span class=\"text1noticias\"> <\/span><\/p>\n<p><span class=\"text1noticias\">La ceremonia de apertura cont\u00f3 con la asistencia de importantes personalidades de la provincia. Adem\u00e1s, participaron deportistas y funcionarios. La obra fue bendecida por el obispo em\u00e9rito de La Vega, monse\u00f1<\/span>or Antonio Camilo.<\/p>\n<h6> 2017-05-03 22:46:06 <\/h6>\n<p><!--\n<link rel=\"stylesheet\" href=\"css\/bootstrap.min.css\">\n\n\n<ul class=\"pagination\">\n\t    \n\t\n\n<li >\n\t<a href='?page_no=8944'>Previous<\/a>\n\t<\/li>\n\n\n       \n    \n\n<li><a href='?page_no=1'>1<\/a><\/li>\n\n\n\n<li><a href='?page_no=2'>2<\/a><\/li>\n\n\n\n<li><a>...<\/a><\/li>\n\n\n\n<li><a href='?page_no=8943'>8943<\/a><\/li>\n\n\n\n<li><a href='?page_no=8944'>8944<\/a><\/li>\n\n\n\n<li class='active'><a>8945<\/a><\/li>\n\n\n\n<li><a href='?page_no=8946'>8946<\/a><\/li>\n\n\n\n<li><a href='?page_no=8947'>8947<\/a><\/li>\n\n\n\n<li><a>...<\/a><\/li>\n\n\n\n<li><a href='?page_no=36618'>36618<\/a><\/li>\n\n\n\n<li><a href='?page_no=36619'>36619<\/a><\/li>\n\n    \n\t\n\n<li >\n\t<a href='?page_no=8946'>Next<\/a>\n\t<\/li>\n\n\n    \n\n<li><a href='?page_no=36619'>Last &rsaquo;&rsaquo;<\/a><\/li>\n\n<\/ul>\n\n\n--><br \/>\n<\/body><\/p>\n","protected":false},"excerpt":{"rendered":"<p>Santo Domingo, R. D., 3 de mayo, 2017 (DICOM).- \u00abNosotros los veganos nos sentimos agradecidos del esfuerzo que usted ha hecho para que esta obra se termine\u00bb. De esta manera Euclides S\u00e1nchez, senador de La Vega dio las gracias al presidente Danilo Medina. Destac\u00f3 que hoy, el jefe de Estado hace realidad un sue\u00f1o anhelado [&hellip;]<\/p>\n","protected":false},"author":3,"featured_media":0,"comment_status":"open","ping_status":"open","sticky":false,"template":"","format":"standard","meta":{"footnotes":""},"categories":[17],"tags":[],"class_list":["post-209664","post","type-post","status-publish","format-standard","hentry","category-deportes"],"_links":{"self":[{"href":"https:\/\/diariodominicano.com\/index.php?rest_route=\/wp\/v2\/posts\/209664","targetHints":{"allow":["GET"]}}],"collection":[{"href":"https:\/\/diariodominicano.com\/index.php?rest_route=\/wp\/v2\/posts"}],"about":[{"href":"https:\/\/diariodominicano.com\/index.php?rest_route=\/wp\/v2\/types\/post"}],"author":[{"embeddable":true,"href":"https:\/\/diariodominicano.com\/index.php?rest_route=\/wp\/v2\/users\/3"}],"replies":[{"embeddable":true,"href":"https:\/\/diariodominicano.com\/index.php?rest_route=%2Fwp%2Fv2%2Fcomments&post=209664"}],"version-history":[{"count":0,"href":"https:\/\/diariodominicano.com\/index.php?rest_route=\/wp\/v2\/posts\/209664\/revisions"}],"wp:attachment":[{"href":"https:\/\/diariodominicano.com\/index.php?rest_route=%2Fwp%2Fv2%2Fmedia&parent=209664"}],"wp:term":[{"taxonomy":"category","embeddable":true,"href":"https:\/\/diariodominicano.com\/index.php?rest_route=%2Fwp%2Fv2%2Fcategories&post=209664"},{"taxonomy":"post_tag","embeddable":true,"href":"https:\/\/diariodominicano.com\/index.php?rest_route=%2Fwp%2Fv2%2Ftags&post=209664"}],"curies":[{"name":"wp","href":"https:\/\/api.w.org\/{rel}","templated":true}]}}