{"id":209659,"date":"2017-05-04T16:27:52","date_gmt":"2017-05-04T16:27:52","guid":{"rendered":"http:\/\/diariodominicano.ddns.net\/?p=209659"},"modified":"2017-05-04T16:27:52","modified_gmt":"2017-05-04T16:27:52","slug":"valverde-ve-al-colombiano-nairo-quintana-favorito-del-giro","status":"publish","type":"post","link":"https:\/\/diariodominicano.com\/?p=209659","title":{"rendered":"Valverde ve al colombiano Nairo Quintana favorito del Giro"},"content":{"rendered":"<p><body><\/p>\n<p><img decoding=\"async\" src=\"img3\/nairo-quintana.jpg\" \/>  <\/p>\n<p><span class=\"text1noticias\">Madrid, 4 may (PL) El ciclista espa\u00f1ol Alejandro Valverde se\u00f1al\u00f3 hoy que el colombiano Nairo Quintana es el principal favorito para imponerse en el Giro de Italia-2017, que arrancar\u00e1 ma\u00f1ana.<\/span><\/p>\n<p><span class=\"text1noticias\"> <\/span><\/p>\n<p><span class=\"text1noticias\">Veo a Nairo como gran favorito para el Giro, pero los rivales estar\u00e1n bien y ser\u00e1 dif\u00edcil, se\u00f1al\u00f3 el ciclista murciano en la sede de la formaci\u00f3n Movistar.<\/span><\/p>\n<p><span class=\"text1noticias\"> <\/span><\/p>\n<p><span class=\"text1noticias\">Valverde, reciente ganador de la Cl\u00e1sica Flecha Valona y la Lieja-Basto\u00f1a-Lieja, mostr\u00f3 toda su confianza en su compa\u00f1ero de formaci\u00f3n, a quien ve preparado para lograr su segunda victoria en la carrera rosa.<\/span><\/p>\n<p><span class=\"text1noticias\"> <\/span><\/p>\n<p><span class=\"text1noticias\">Ganar un Giro es dif\u00edcil, pero Nairo llega muy bien de forma y est\u00e1 tranquilo; adem\u00e1s tendr\u00e1 a su disposici\u00f3n un gran equipo. S\u00e9 que lo dar\u00e1 todo, sabiendo que luego tendr\u00e1 el reto del Tour, afirm\u00f3 el pedalista ib\u00e9rico.<\/span><\/p>\n<p><span class=\"text1noticias\"> <\/span><\/p>\n<p><span class=\"text1noticias\">En cuanto a \u00e9l, Valverde lament\u00f3 no estar en el Giro, pero entendi\u00f3 la estrategia del equipo, para tenerlo en forma de cara a la ronda francesa.<\/span><\/p>\n<p><span class=\"text1noticias\"> <\/span><\/p>\n<p><span class=\"text1noticias\">Por su parte, el director del Movistar, Eusebio Unzue, tambi\u00e9n apost\u00f3 por la condici\u00f3n de favorito de Quintana, ganador de la prueba en 2014, quien adem\u00e1s contar\u00e1 con un recorrido monta\u00f1oso que se adapta a sus condiciones.<\/span><\/p>\n<p><span class=\"text1noticias\"> <\/span><\/p>\n<p><span class=\"text1noticias\">Viendo la progresi\u00f3n de Nairo es dif\u00edcil evitar que sea el m\u00e1ximo favorito para ganar el Giro, y aprovechar\u00e1 su condici\u00f3n de escalador para establecer las diferencias en la monta\u00f1a, donde tendr\u00e1 cinco etapas que ser\u00e1n claves, apunt\u00f3.<\/span><\/p>\n<p><span class=\"text1noticias\"> <\/span><\/p>\n<p><span class=\"text1noticias\">Adem\u00e1s de se\u00f1alar al italiano Vincenzo Nibali como principal rival de Quintana, Unzue advirti\u00f3 sobre las posibilidades de otros nombres menos sonoros como el del holand\u00e9s Tom Dumoulin o el luxemburgu\u00e9s Bob Jungels.<\/span><\/p>\n<p><span class=\"text1noticias\"> <\/span><\/p>\n<p><span class=\"text1noticias\">La edici\u00f3n centenaria del Giro se iniciar\u00e1 ma\u00f1ana en Alghero (Cerde\u00f1a) y concluir\u00e1 el pr\u00f3ximo 28 de mayo e<\/span>n Mil\u00e1n.<\/p>\n<h6> 2017-05-04 16:27:52 <\/h6>\n<p><!--\n<link rel=\"stylesheet\" href=\"css\/bootstrap.min.css\">\n\n\n<ul class=\"pagination\">\n\t    \n\t\n\n<li >\n\t<a href='?page_no=8939'>Previous<\/a>\n\t<\/li>\n\n\n       \n    \n\n<li><a href='?page_no=1'>1<\/a><\/li>\n\n\n\n<li><a href='?page_no=2'>2<\/a><\/li>\n\n\n\n<li><a>...<\/a><\/li>\n\n\n\n<li><a href='?page_no=8938'>8938<\/a><\/li>\n\n\n\n<li><a href='?page_no=8939'>8939<\/a><\/li>\n\n\n\n<li class='active'><a>8940<\/a><\/li>\n\n\n\n<li><a href='?page_no=8941'>8941<\/a><\/li>\n\n\n\n<li><a href='?page_no=8942'>8942<\/a><\/li>\n\n\n\n<li><a>...<\/a><\/li>\n\n\n\n<li><a href='?page_no=36618'>36618<\/a><\/li>\n\n\n\n<li><a href='?page_no=36619'>36619<\/a><\/li>\n\n    \n\t\n\n<li >\n\t<a href='?page_no=8941'>Next<\/a>\n\t<\/li>\n\n\n    \n\n<li><a href='?page_no=36619'>Last &rsaquo;&rsaquo;<\/a><\/li>\n\n<\/ul>\n\n\n--><br \/>\n<\/body><\/p>\n","protected":false},"excerpt":{"rendered":"<p>Madrid, 4 may (PL) El ciclista espa\u00f1ol Alejandro Valverde se\u00f1al\u00f3 hoy que el colombiano Nairo Quintana es el principal favorito para imponerse en el Giro de Italia-2017, que arrancar\u00e1 ma\u00f1ana. Veo a Nairo como gran favorito para el Giro, pero los rivales estar\u00e1n bien y ser\u00e1 dif\u00edcil, se\u00f1al\u00f3 el ciclista murciano en la sede de [&hellip;]<\/p>\n","protected":false},"author":3,"featured_media":0,"comment_status":"open","ping_status":"open","sticky":false,"template":"","format":"standard","meta":{"footnotes":""},"categories":[17],"tags":[],"class_list":["post-209659","post","type-post","status-publish","format-standard","hentry","category-deportes"],"_links":{"self":[{"href":"https:\/\/diariodominicano.com\/index.php?rest_route=\/wp\/v2\/posts\/209659","targetHints":{"allow":["GET"]}}],"collection":[{"href":"https:\/\/diariodominicano.com\/index.php?rest_route=\/wp\/v2\/posts"}],"about":[{"href":"https:\/\/diariodominicano.com\/index.php?rest_route=\/wp\/v2\/types\/post"}],"author":[{"embeddable":true,"href":"https:\/\/diariodominicano.com\/index.php?rest_route=\/wp\/v2\/users\/3"}],"replies":[{"embeddable":true,"href":"https:\/\/diariodominicano.com\/index.php?rest_route=%2Fwp%2Fv2%2Fcomments&post=209659"}],"version-history":[{"count":0,"href":"https:\/\/diariodominicano.com\/index.php?rest_route=\/wp\/v2\/posts\/209659\/revisions"}],"wp:attachment":[{"href":"https:\/\/diariodominicano.com\/index.php?rest_route=%2Fwp%2Fv2%2Fmedia&parent=209659"}],"wp:term":[{"taxonomy":"category","embeddable":true,"href":"https:\/\/diariodominicano.com\/index.php?rest_route=%2Fwp%2Fv2%2Fcategories&post=209659"},{"taxonomy":"post_tag","embeddable":true,"href":"https:\/\/diariodominicano.com\/index.php?rest_route=%2Fwp%2Fv2%2Ftags&post=209659"}],"curies":[{"name":"wp","href":"https:\/\/api.w.org\/{rel}","templated":true}]}}