{"id":209645,"date":"2017-05-05T15:09:34","date_gmt":"2017-05-05T15:09:34","guid":{"rendered":"http:\/\/diariodominicano.ddns.net\/?p=209645"},"modified":"2017-05-05T15:09:34","modified_gmt":"2017-05-05T15:09:34","slug":"carreno-toma-revancha-de-almagro-en-estoril","status":"publish","type":"post","link":"https:\/\/diariodominicano.com\/?p=209645","title":{"rendered":"Carre\u00f1o toma revancha de Almagro en Estoril"},"content":{"rendered":"<p><body><\/p>\n<p><span class=\"text1noticias\"> <\/span><\/p>\n<p><span class=\"text1noticias\">Estoril, Portugal, 5 may (PL) El tenista Pablo Carre\u00f1o venci\u00f3 hoy en el Abierto ATP de Estoril al vigente campe\u00f3n, Nicol\u00e1s Almagro, en la reedici\u00f3n de la pasada final, pero invirtiendo el resultado tras dos parciales corridos de 6-2 y 6-4.<\/span><\/p>\n<p><span class=\"text1noticias\"> <\/span><\/p>\n<p><span class=\"text1noticias\">El principal cabeza de serie sobre la arcilla portuguesa y puesto n\u00famero 21 del ranking mundial de la Asociaci\u00f3n de Tenistas Profesionales sum\u00f3 en los cuartos de final del torneo su vig\u00e9sima victoria de la temporada en el ATP World Tour.<\/span><\/p>\n<p><span class=\"text1noticias\"> <\/span><\/p>\n<p><span class=\"text1noticias\">Carre\u00f1o aprovech\u00f3 las cuatro pelotas de rotura generadas para someter a su rival y se hizo con el 62 por ciento de los puntos sobre el segundo servicio de Almagro (86), para inclinar a su favor el encuentro.<\/span><\/p>\n<p><span class=\"text1noticias\"> <\/span><\/p>\n<p><span class=\"text1noticias\">En la semifinal de Estoril Carre\u00f1o se medir\u00e1 ante su compatriota David Ferrer (31), c\u00f3modo vencedor del estadounidense Ryan Harrison (52) por marcadores de 6-4 y 6-0, tras una hora y 12 minutos de jue<\/span>go.<\/p>\n<h6> 2017-05-05 15:09:34 <\/h6>\n<p><!--\n<link rel=\"stylesheet\" href=\"css\/bootstrap.min.css\">\n\n\n<ul class=\"pagination\">\n\t    \n\t\n\n<li >\n\t<a href='?page_no=8927'>Previous<\/a>\n\t<\/li>\n\n\n       \n    \n\n<li><a href='?page_no=1'>1<\/a><\/li>\n\n\n\n<li><a href='?page_no=2'>2<\/a><\/li>\n\n\n\n<li><a>...<\/a><\/li>\n\n\n\n<li><a href='?page_no=8926'>8926<\/a><\/li>\n\n\n\n<li><a href='?page_no=8927'>8927<\/a><\/li>\n\n\n\n<li class='active'><a>8928<\/a><\/li>\n\n\n\n<li><a href='?page_no=8929'>8929<\/a><\/li>\n\n\n\n<li><a href='?page_no=8930'>8930<\/a><\/li>\n\n\n\n<li><a>...<\/a><\/li>\n\n\n\n<li><a href='?page_no=36618'>36618<\/a><\/li>\n\n\n\n<li><a href='?page_no=36619'>36619<\/a><\/li>\n\n    \n\t\n\n<li >\n\t<a href='?page_no=8929'>Next<\/a>\n\t<\/li>\n\n\n    \n\n<li><a href='?page_no=36619'>Last &rsaquo;&rsaquo;<\/a><\/li>\n\n<\/ul>\n\n\n--><br \/>\n<\/body><\/p>\n","protected":false},"excerpt":{"rendered":"<p>Estoril, Portugal, 5 may (PL) El tenista Pablo Carre\u00f1o venci\u00f3 hoy en el Abierto ATP de Estoril al vigente campe\u00f3n, Nicol\u00e1s Almagro, en la reedici\u00f3n de la pasada final, pero invirtiendo el resultado tras dos parciales corridos de 6-2 y 6-4. El principal cabeza de serie sobre la arcilla portuguesa y puesto n\u00famero 21 del [&hellip;]<\/p>\n","protected":false},"author":3,"featured_media":0,"comment_status":"open","ping_status":"open","sticky":false,"template":"","format":"standard","meta":{"footnotes":""},"categories":[17],"tags":[],"class_list":["post-209645","post","type-post","status-publish","format-standard","hentry","category-deportes"],"_links":{"self":[{"href":"https:\/\/diariodominicano.com\/index.php?rest_route=\/wp\/v2\/posts\/209645","targetHints":{"allow":["GET"]}}],"collection":[{"href":"https:\/\/diariodominicano.com\/index.php?rest_route=\/wp\/v2\/posts"}],"about":[{"href":"https:\/\/diariodominicano.com\/index.php?rest_route=\/wp\/v2\/types\/post"}],"author":[{"embeddable":true,"href":"https:\/\/diariodominicano.com\/index.php?rest_route=\/wp\/v2\/users\/3"}],"replies":[{"embeddable":true,"href":"https:\/\/diariodominicano.com\/index.php?rest_route=%2Fwp%2Fv2%2Fcomments&post=209645"}],"version-history":[{"count":0,"href":"https:\/\/diariodominicano.com\/index.php?rest_route=\/wp\/v2\/posts\/209645\/revisions"}],"wp:attachment":[{"href":"https:\/\/diariodominicano.com\/index.php?rest_route=%2Fwp%2Fv2%2Fmedia&parent=209645"}],"wp:term":[{"taxonomy":"category","embeddable":true,"href":"https:\/\/diariodominicano.com\/index.php?rest_route=%2Fwp%2Fv2%2Fcategories&post=209645"},{"taxonomy":"post_tag","embeddable":true,"href":"https:\/\/diariodominicano.com\/index.php?rest_route=%2Fwp%2Fv2%2Ftags&post=209645"}],"curies":[{"name":"wp","href":"https:\/\/api.w.org\/{rel}","templated":true}]}}