{"id":209644,"date":"2017-05-05T15:13:02","date_gmt":"2017-05-05T15:13:02","guid":{"rendered":"http:\/\/diariodominicano.ddns.net\/?p=209644"},"modified":"2017-05-05T15:13:02","modified_gmt":"2017-05-05T15:13:02","slug":"los-yankees-activan-al-catcher-dominicano-gary-sanchez","status":"publish","type":"post","link":"https:\/\/diariodominicano.com\/?p=209644","title":{"rendered":"Los Yankees activan al c\u00e1tcher dominicano Gary S\u00e1nchez"},"content":{"rendered":"<p><body><\/p>\n<p><img decoding=\"async\" src=\"img3\/Sanchez15.jpg\" \/>  <\/p>\n<p><span class=\"text1noticias\">MLB.com<\/span><\/p>\n<p><span class=\"text1noticias\"> <\/span><\/p>\n<p><span class=\"text1noticias\">CHICAGO, 5 de mayo, 2017.- Los Yankees activaron al receptor Gary S\u00e1nchez el viernes antes del inicio de su serie contra los Cachorros en el Wrigley Field de Chicago. El dominicano estuvo en el lineup titular como receptor y tercer bate.<\/span><\/p>\n<p><span class=\"text1noticias\"> <\/span><\/p>\n<p><span class=\"text1noticias\">S\u00e1nchez, quien ingres\u00f3 a la lista de incapacitados el 8 de abril debido a un tir\u00f3n en el b\u00edceps derecho, registr\u00f3 promedio de .385 con un jonr\u00f3n y tres remolcadas en tres juegos por Triple-A Scranton\/Wilkes-Barre, como parte de su rehabilitaci\u00f3n.<\/span><\/p>\n<p><span class=\"text1noticias\"> <\/span><\/p>\n<p><span class=\"text1noticias\">El quisqueyano se ha ido de 20-3 con un jonr\u00f3n y dos remolcadas en lo que va de esta tempora<\/span>da.<\/p>\n<h6> 2017-05-05 15:13:02 <\/h6>\n<p><!--\n<link rel=\"stylesheet\" href=\"css\/bootstrap.min.css\">\n\n\n<ul class=\"pagination\">\n\t    \n\t\n\n<li >\n\t<a href='?page_no=8926'>Previous<\/a>\n\t<\/li>\n\n\n       \n    \n\n<li><a href='?page_no=1'>1<\/a><\/li>\n\n\n\n<li><a href='?page_no=2'>2<\/a><\/li>\n\n\n\n<li><a>...<\/a><\/li>\n\n\n\n<li><a href='?page_no=8925'>8925<\/a><\/li>\n\n\n\n<li><a href='?page_no=8926'>8926<\/a><\/li>\n\n\n\n<li class='active'><a>8927<\/a><\/li>\n\n\n\n<li><a href='?page_no=8928'>8928<\/a><\/li>\n\n\n\n<li><a href='?page_no=8929'>8929<\/a><\/li>\n\n\n\n<li><a>...<\/a><\/li>\n\n\n\n<li><a href='?page_no=36618'>36618<\/a><\/li>\n\n\n\n<li><a href='?page_no=36619'>36619<\/a><\/li>\n\n    \n\t\n\n<li >\n\t<a href='?page_no=8928'>Next<\/a>\n\t<\/li>\n\n\n    \n\n<li><a href='?page_no=36619'>Last &rsaquo;&rsaquo;<\/a><\/li>\n\n<\/ul>\n\n\n--><br \/>\n<\/body><\/p>\n","protected":false},"excerpt":{"rendered":"<p>MLB.com CHICAGO, 5 de mayo, 2017.- Los Yankees activaron al receptor Gary S\u00e1nchez el viernes antes del inicio de su serie contra los Cachorros en el Wrigley Field de Chicago. El dominicano estuvo en el lineup titular como receptor y tercer bate. S\u00e1nchez, quien ingres\u00f3 a la lista de incapacitados el 8 de abril debido [&hellip;]<\/p>\n","protected":false},"author":3,"featured_media":0,"comment_status":"open","ping_status":"open","sticky":false,"template":"","format":"standard","meta":{"footnotes":""},"categories":[17],"tags":[],"class_list":["post-209644","post","type-post","status-publish","format-standard","hentry","category-deportes"],"_links":{"self":[{"href":"https:\/\/diariodominicano.com\/index.php?rest_route=\/wp\/v2\/posts\/209644","targetHints":{"allow":["GET"]}}],"collection":[{"href":"https:\/\/diariodominicano.com\/index.php?rest_route=\/wp\/v2\/posts"}],"about":[{"href":"https:\/\/diariodominicano.com\/index.php?rest_route=\/wp\/v2\/types\/post"}],"author":[{"embeddable":true,"href":"https:\/\/diariodominicano.com\/index.php?rest_route=\/wp\/v2\/users\/3"}],"replies":[{"embeddable":true,"href":"https:\/\/diariodominicano.com\/index.php?rest_route=%2Fwp%2Fv2%2Fcomments&post=209644"}],"version-history":[{"count":0,"href":"https:\/\/diariodominicano.com\/index.php?rest_route=\/wp\/v2\/posts\/209644\/revisions"}],"wp:attachment":[{"href":"https:\/\/diariodominicano.com\/index.php?rest_route=%2Fwp%2Fv2%2Fmedia&parent=209644"}],"wp:term":[{"taxonomy":"category","embeddable":true,"href":"https:\/\/diariodominicano.com\/index.php?rest_route=%2Fwp%2Fv2%2Fcategories&post=209644"},{"taxonomy":"post_tag","embeddable":true,"href":"https:\/\/diariodominicano.com\/index.php?rest_route=%2Fwp%2Fv2%2Ftags&post=209644"}],"curies":[{"name":"wp","href":"https:\/\/api.w.org\/{rel}","templated":true}]}}