{"id":209642,"date":"2017-05-05T15:21:42","date_gmt":"2017-05-05T15:21:42","guid":{"rendered":"http:\/\/diariodominicano.ddns.net\/?p=209642"},"modified":"2017-05-05T15:21:42","modified_gmt":"2017-05-05T15:21:42","slug":"cardenales-inhabilitan-a-stephen-piscotty-y-suben-a-tommy-pham","status":"publish","type":"post","link":"https:\/\/diariodominicano.com\/?p=209642","title":{"rendered":"Cardenales inhabilitan a Stephen Piscotty y suben a Tommy Pham"},"content":{"rendered":"<p><body><\/p>\n<p><img decoding=\"async\" src=\"img3\/Piscotty.jpg\" \/>  <\/p>\n<p><span class=\"text1noticias\">Por Nate Latsch \/ Especial para MLB.com<\/span><\/p>\n<p><span class=\"text1noticias\"> <\/span><\/p>\n<p><span class=\"text1noticias\">SAN LUIS, 5 de mayo, 2017- Los Cardenales colocaron al jardinero Stephen Piscotty en la lista de incapacitados de 10 d\u00edas el viernes y subieron desde Triple-A Memphis al guardabosque Tommy Phan.<\/span><\/p>\n<p><span class=\"text1noticias\"> <\/span><\/p>\n<p><span class=\"text1noticias\">Piscotty, de 26 a\u00f1os de edad, se lesion\u00f3 la corva derecha en el segundo inning de la derrota de San Luis por 5-4 ante los Cerveceros el jueves.<\/span><\/p>\n<p><span class=\"text1noticias\"> <\/span><\/p>\n<p><span class=\"text1noticias\">En 79 turnos al bate por los Cardenales esta temporada, Piscotty lleva promedio de .241 con dos cuadrangulares y 11 carreras producid<\/span>as.<\/p>\n<h6> 2017-05-05 15:21:42 <\/h6>\n<p><!--\n<link rel=\"stylesheet\" href=\"css\/bootstrap.min.css\">\n\n\n<ul class=\"pagination\">\n\t    \n\t\n\n<li >\n\t<a href='?page_no=8924'>Previous<\/a>\n\t<\/li>\n\n\n       \n    \n\n<li><a href='?page_no=1'>1<\/a><\/li>\n\n\n\n<li><a href='?page_no=2'>2<\/a><\/li>\n\n\n\n<li><a>...<\/a><\/li>\n\n\n\n<li><a href='?page_no=8923'>8923<\/a><\/li>\n\n\n\n<li><a href='?page_no=8924'>8924<\/a><\/li>\n\n\n\n<li class='active'><a>8925<\/a><\/li>\n\n\n\n<li><a href='?page_no=8926'>8926<\/a><\/li>\n\n\n\n<li><a href='?page_no=8927'>8927<\/a><\/li>\n\n\n\n<li><a>...<\/a><\/li>\n\n\n\n<li><a href='?page_no=36618'>36618<\/a><\/li>\n\n\n\n<li><a href='?page_no=36619'>36619<\/a><\/li>\n\n    \n\t\n\n<li >\n\t<a href='?page_no=8926'>Next<\/a>\n\t<\/li>\n\n\n    \n\n<li><a href='?page_no=36619'>Last &rsaquo;&rsaquo;<\/a><\/li>\n\n<\/ul>\n\n\n--><br \/>\n<\/body><\/p>\n","protected":false},"excerpt":{"rendered":"<p>Por Nate Latsch \/ Especial para MLB.com SAN LUIS, 5 de mayo, 2017- Los Cardenales colocaron al jardinero Stephen Piscotty en la lista de incapacitados de 10 d\u00edas el viernes y subieron desde Triple-A Memphis al guardabosque Tommy Phan. Piscotty, de 26 a\u00f1os de edad, se lesion\u00f3 la corva derecha en el segundo inning de [&hellip;]<\/p>\n","protected":false},"author":3,"featured_media":0,"comment_status":"open","ping_status":"open","sticky":false,"template":"","format":"standard","meta":{"footnotes":""},"categories":[17],"tags":[],"class_list":["post-209642","post","type-post","status-publish","format-standard","hentry","category-deportes"],"_links":{"self":[{"href":"https:\/\/diariodominicano.com\/index.php?rest_route=\/wp\/v2\/posts\/209642","targetHints":{"allow":["GET"]}}],"collection":[{"href":"https:\/\/diariodominicano.com\/index.php?rest_route=\/wp\/v2\/posts"}],"about":[{"href":"https:\/\/diariodominicano.com\/index.php?rest_route=\/wp\/v2\/types\/post"}],"author":[{"embeddable":true,"href":"https:\/\/diariodominicano.com\/index.php?rest_route=\/wp\/v2\/users\/3"}],"replies":[{"embeddable":true,"href":"https:\/\/diariodominicano.com\/index.php?rest_route=%2Fwp%2Fv2%2Fcomments&post=209642"}],"version-history":[{"count":0,"href":"https:\/\/diariodominicano.com\/index.php?rest_route=\/wp\/v2\/posts\/209642\/revisions"}],"wp:attachment":[{"href":"https:\/\/diariodominicano.com\/index.php?rest_route=%2Fwp%2Fv2%2Fmedia&parent=209642"}],"wp:term":[{"taxonomy":"category","embeddable":true,"href":"https:\/\/diariodominicano.com\/index.php?rest_route=%2Fwp%2Fv2%2Fcategories&post=209642"},{"taxonomy":"post_tag","embeddable":true,"href":"https:\/\/diariodominicano.com\/index.php?rest_route=%2Fwp%2Fv2%2Ftags&post=209642"}],"curies":[{"name":"wp","href":"https:\/\/api.w.org\/{rel}","templated":true}]}}