{"id":209631,"date":"2017-05-07T12:50:21","date_gmt":"2017-05-07T12:50:21","guid":{"rendered":"http:\/\/diariodominicano.ddns.net\/?p=209631"},"modified":"2017-05-07T12:50:21","modified_gmt":"2017-05-07T12:50:21","slug":"anfitrion-dani-pedrosa-gana-grand-prix-de-espana-de-motogp","status":"publish","type":"post","link":"https:\/\/diariodominicano.com\/?p=209631","title":{"rendered":"Anfitri\u00f3n Dani Pedrosa gana Grand Prix de Espa\u00f1a de MotoGP"},"content":{"rendered":"<p><body><\/p>\n<p><img decoding=\"async\" src=\"img3\/Dani-Pedrosa1.jpg\" \/>  <\/p>\n<p>Jerez de la Frontera, Espa\u00f1a, 7 may (PL) El piloto espa\u00f1ol Dani Pedrosa gan\u00f3 hoy el Gran Premio de Espa\u00f1a de MotoGP, disputado en el circuito andaluz de Jerez de la Frontera.<\/p>\n<\/p>\n<p>Pedrosa, que sali\u00f3 desde la primera posici\u00f3n en la parrilla de salida, domin\u00f3 la competencia de principio a fin, para imponerse a sus compatriotas Marc M\u00e1rquez y Jorge Lorenzo.<\/p>\n<\/p>\n<p>A mitad de la carrera Marc M\u00e1rquez empez\u00f3 a ir r\u00e1pido y me meti\u00f3 presi\u00f3n, pero yo pude mantener mi ritmo, dijo al canal Movistar el ganador, que domin\u00f3 con tiempo de 45:26.827 minutos.<\/p>\n<\/p>\n<p>Para Lorenzo, este fue su primer podio con la escuder\u00eda Ducati, equipo al que lleg\u00f3 esta temporada.<\/p>\n<\/p>\n<p>El italiano Valentino Rossi entr\u00f3 d\u00e9cimo, pero se mantiene como l\u00edder del Mundial de la categor\u00eda con 62 puntos, dos m\u00e1s que su compa\u00f1ero de equipo Maverick Vi\u00f1ales, y cuatro m\u00e1s que M\u00e1rquez, tercero.<\/p>\n<h6> 2017-05-07 12:50:21 <\/h6>\n<p><!--\n<link rel=\"stylesheet\" href=\"css\/bootstrap.min.css\">\n\n\n<ul class=\"pagination\">\n\t    \n\t\n\n<li >\n\t<a href='?page_no=8914'>Previous<\/a>\n\t<\/li>\n\n\n       \n    \n\n<li><a href='?page_no=1'>1<\/a><\/li>\n\n\n\n<li><a href='?page_no=2'>2<\/a><\/li>\n\n\n\n<li><a>...<\/a><\/li>\n\n\n\n<li><a href='?page_no=8913'>8913<\/a><\/li>\n\n\n\n<li><a href='?page_no=8914'>8914<\/a><\/li>\n\n\n\n<li class='active'><a>8915<\/a><\/li>\n\n\n\n<li><a href='?page_no=8916'>8916<\/a><\/li>\n\n\n\n<li><a href='?page_no=8917'>8917<\/a><\/li>\n\n\n\n<li><a>...<\/a><\/li>\n\n\n\n<li><a href='?page_no=36618'>36618<\/a><\/li>\n\n\n\n<li><a href='?page_no=36619'>36619<\/a><\/li>\n\n    \n\t\n\n<li >\n\t<a href='?page_no=8916'>Next<\/a>\n\t<\/li>\n\n\n    \n\n<li><a href='?page_no=36619'>Last &rsaquo;&rsaquo;<\/a><\/li>\n\n<\/ul>\n\n\n--><br \/>\n<\/body><\/p>\n","protected":false},"excerpt":{"rendered":"<p>Jerez de la Frontera, Espa\u00f1a, 7 may (PL) El piloto espa\u00f1ol Dani Pedrosa gan\u00f3 hoy el Gran Premio de Espa\u00f1a de MotoGP, disputado en el circuito andaluz de Jerez de la Frontera. Pedrosa, que sali\u00f3 desde la primera posici\u00f3n en la parrilla de salida, domin\u00f3 la competencia de principio a fin, para imponerse a sus [&hellip;]<\/p>\n","protected":false},"author":3,"featured_media":0,"comment_status":"open","ping_status":"open","sticky":false,"template":"","format":"standard","meta":{"footnotes":""},"categories":[17],"tags":[],"class_list":["post-209631","post","type-post","status-publish","format-standard","hentry","category-deportes"],"_links":{"self":[{"href":"https:\/\/diariodominicano.com\/index.php?rest_route=\/wp\/v2\/posts\/209631","targetHints":{"allow":["GET"]}}],"collection":[{"href":"https:\/\/diariodominicano.com\/index.php?rest_route=\/wp\/v2\/posts"}],"about":[{"href":"https:\/\/diariodominicano.com\/index.php?rest_route=\/wp\/v2\/types\/post"}],"author":[{"embeddable":true,"href":"https:\/\/diariodominicano.com\/index.php?rest_route=\/wp\/v2\/users\/3"}],"replies":[{"embeddable":true,"href":"https:\/\/diariodominicano.com\/index.php?rest_route=%2Fwp%2Fv2%2Fcomments&post=209631"}],"version-history":[{"count":0,"href":"https:\/\/diariodominicano.com\/index.php?rest_route=\/wp\/v2\/posts\/209631\/revisions"}],"wp:attachment":[{"href":"https:\/\/diariodominicano.com\/index.php?rest_route=%2Fwp%2Fv2%2Fmedia&parent=209631"}],"wp:term":[{"taxonomy":"category","embeddable":true,"href":"https:\/\/diariodominicano.com\/index.php?rest_route=%2Fwp%2Fv2%2Fcategories&post=209631"},{"taxonomy":"post_tag","embeddable":true,"href":"https:\/\/diariodominicano.com\/index.php?rest_route=%2Fwp%2Fv2%2Ftags&post=209631"}],"curies":[{"name":"wp","href":"https:\/\/api.w.org\/{rel}","templated":true}]}}