{"id":209619,"date":"2017-05-08T13:40:40","date_gmt":"2017-05-08T13:40:40","guid":{"rendered":"http:\/\/diariodominicano.ddns.net\/?p=209619"},"modified":"2017-05-08T13:40:40","modified_gmt":"2017-05-08T13:40:40","slug":"real-madrid-ficha-a-theo-hernandez-para-proxima-temporada-espanola","status":"publish","type":"post","link":"https:\/\/diariodominicano.com\/?p=209619","title":{"rendered":"Real Madrid ficha a Theo Hern\u00e1ndez para pr\u00f3xima temporada espa\u00f1ola"},"content":{"rendered":"<p><body><\/p>\n<p><span class=\"text1noticias\">Madrid, 8 may (PL) El Real Madrid fich\u00f3 al lateral izquierdo franc\u00e9s Theo Hern\u00e1ndez, lo cual representa el primer fichaje de la pr\u00f3xima temporada de la Liga espa\u00f1ola de f\u00fatbol (2017-2018), informaron hoy medios especializados del pa\u00eds.<\/span><\/p>\n<p><span class=\"text1noticias\"> <\/span><\/p>\n<p><span class=\"text1noticias\">Hern\u00e1ndez, cedido al Alav\u00e9s por el Atl\u00e9tico de Madrid, pact\u00f3 un acuerdo privado con el club blanco por cinco temporadas, de las cuales percibir\u00e1 un salario total de 36 millones de euros (39 millones 336 mil 233 d\u00f3lares).<\/span><\/p>\n<p><span class=\"text1noticias\"> <\/span><\/p>\n<p><span class=\"text1noticias\">Durante las dos primeras campa\u00f1as, el canterano del conjunto colchonero de 19 a\u00f1os recibir\u00e1 seis millones de euros, siete en la tercera, ocho en la cuarta y nueve en la quinta.<\/span><\/p>\n<p><span class=\"text1noticias\"> <\/span><\/p>\n<p><span class=\"text1noticias\">El Real Madrid pagar\u00e1 por el traspaso del jugador unos 30 millones de euros, seis m\u00e1s de la cl\u00e1usula de rescisi\u00f3n, que abonar\u00e1 a final de temporada, por lo que se rompe el pacto de no fichar jugadores entre ambas entidades.<\/span><\/p>\n<p><span class=\"text1noticias\"> <\/span><\/p>\n<p><span class=\"text1noticias\">Por su parte, el anuncio oficial por parte del club blanco ser\u00e1 despu\u00e9s del 27 mayo cuando el Alav\u00e9s efect\u00fae el encuentro de la final de la Copa del Rey ante el FC Barcelona, conjunto que tambi\u00e9n se hab\u00eda interesado en su fichaje.<\/span><\/p>\n<p><span class=\"text1noticias\"> <\/span><\/p>\n<p><span class=\"text1noticias\">De esta manera, Hern\u00e1ndez reforzar\u00e1 como jugador de cambio o alternativo al brasile\u00f1o Marcelo en el lateral izquierdo del Madrid, lo cual supondr\u00e1 la salida del conjunto del portugu\u00e9s Fabio Coentrao.<\/span><\/p>\n<p><span class=\"text1noticias\"> <\/span><\/p>\n<p><span class=\"text1noticias\">La noticia del traspaso ocurre precisamente a dos jornadas del derbi madrile\u00f1o en el partido de vuelta de la semifinal de la Liga de Campeones, a celebrarse en el estadio Vicente Calder\u00f3n del Atl\u00e9tico, serie que marcha con ventaja para el Real tras la victoria en la ida por 3-0 en el Santiago Bern<\/span>abeu.<\/p>\n<h6> 2017-05-08 13:40:40 <\/h6>\n<p><!--\n<link rel=\"stylesheet\" href=\"css\/bootstrap.min.css\">\n\n\n<ul class=\"pagination\">\n\t    \n\t\n\n<li >\n\t<a href='?page_no=8903'>Previous<\/a>\n\t<\/li>\n\n\n       \n    \n\n<li><a href='?page_no=1'>1<\/a><\/li>\n\n\n\n<li><a href='?page_no=2'>2<\/a><\/li>\n\n\n\n<li><a>...<\/a><\/li>\n\n\n\n<li><a href='?page_no=8902'>8902<\/a><\/li>\n\n\n\n<li><a href='?page_no=8903'>8903<\/a><\/li>\n\n\n\n<li class='active'><a>8904<\/a><\/li>\n\n\n\n<li><a href='?page_no=8905'>8905<\/a><\/li>\n\n\n\n<li><a href='?page_no=8906'>8906<\/a><\/li>\n\n\n\n<li><a>...<\/a><\/li>\n\n\n\n<li><a href='?page_no=36618'>36618<\/a><\/li>\n\n\n\n<li><a href='?page_no=36619'>36619<\/a><\/li>\n\n    \n\t\n\n<li >\n\t<a href='?page_no=8905'>Next<\/a>\n\t<\/li>\n\n\n    \n\n<li><a href='?page_no=36619'>Last &rsaquo;&rsaquo;<\/a><\/li>\n\n<\/ul>\n\n\n--><br \/>\n<\/body><\/p>\n","protected":false},"excerpt":{"rendered":"<p>Madrid, 8 may (PL) El Real Madrid fich\u00f3 al lateral izquierdo franc\u00e9s Theo Hern\u00e1ndez, lo cual representa el primer fichaje de la pr\u00f3xima temporada de la Liga espa\u00f1ola de f\u00fatbol (2017-2018), informaron hoy medios especializados del pa\u00eds. Hern\u00e1ndez, cedido al Alav\u00e9s por el Atl\u00e9tico de Madrid, pact\u00f3 un acuerdo privado con el club blanco por [&hellip;]<\/p>\n","protected":false},"author":3,"featured_media":0,"comment_status":"open","ping_status":"open","sticky":false,"template":"","format":"standard","meta":{"footnotes":""},"categories":[17],"tags":[],"class_list":["post-209619","post","type-post","status-publish","format-standard","hentry","category-deportes"],"_links":{"self":[{"href":"https:\/\/diariodominicano.com\/index.php?rest_route=\/wp\/v2\/posts\/209619","targetHints":{"allow":["GET"]}}],"collection":[{"href":"https:\/\/diariodominicano.com\/index.php?rest_route=\/wp\/v2\/posts"}],"about":[{"href":"https:\/\/diariodominicano.com\/index.php?rest_route=\/wp\/v2\/types\/post"}],"author":[{"embeddable":true,"href":"https:\/\/diariodominicano.com\/index.php?rest_route=\/wp\/v2\/users\/3"}],"replies":[{"embeddable":true,"href":"https:\/\/diariodominicano.com\/index.php?rest_route=%2Fwp%2Fv2%2Fcomments&post=209619"}],"version-history":[{"count":0,"href":"https:\/\/diariodominicano.com\/index.php?rest_route=\/wp\/v2\/posts\/209619\/revisions"}],"wp:attachment":[{"href":"https:\/\/diariodominicano.com\/index.php?rest_route=%2Fwp%2Fv2%2Fmedia&parent=209619"}],"wp:term":[{"taxonomy":"category","embeddable":true,"href":"https:\/\/diariodominicano.com\/index.php?rest_route=%2Fwp%2Fv2%2Fcategories&post=209619"},{"taxonomy":"post_tag","embeddable":true,"href":"https:\/\/diariodominicano.com\/index.php?rest_route=%2Fwp%2Fv2%2Ftags&post=209619"}],"curies":[{"name":"wp","href":"https:\/\/api.w.org\/{rel}","templated":true}]}}