{"id":209604,"date":"2017-05-09T14:10:56","date_gmt":"2017-05-09T14:10:56","guid":{"rendered":"http:\/\/diariodominicano.ddns.net\/?p=209604"},"modified":"2017-05-09T14:10:56","modified_gmt":"2017-05-09T14:10:56","slug":"rangers-colocan-a-jose-leclerc-en-la-lista-de-lesionados-y-suben-a-dario-alvarez","status":"publish","type":"post","link":"https:\/\/diariodominicano.com\/?p=209604","title":{"rendered":"Rangers colocan a Jos\u00e9 Leclerc en la lista de lesionados y suben a Dar\u00edo \u00c1lvarez"},"content":{"rendered":"<p><body><\/p>\n<p>Por T.R. Sullivan \/ MLB.com<\/p>\n<\/p>\n<p>SAN DIEGO, 9 de mayo, 2017.&#8211; Los Rangers colocaron al lanzador derecho Jos\u00e9 Leclerc en la lista de lesionados de 10 d\u00edas debido a una torcedura en el dedo \u00edndice de la mano derecha.<\/p>\n<\/p>\n<p>\u00abEn una escala de dolor, no es tan grave, pero siente debilidad en ese dedo y no puede colocar la bola donde quiere\u00bb, dijo el manager de los Rangers, Jeff Banister. \u00abYa tom\u00e9 la decisi\u00f3n de no forzarlo\u00bb.<\/p>\n<\/p>\n<p>Leclerc tuvo problemas el domingo en Seattle, cuando dio tres boletos y sac\u00f3 s\u00f3lo dos outs.<\/p>\n<\/p>\n<p>Esta temporada, Leclerc tiene 2.31 de efectividad y r\u00e9cord de 0-1 con un salvado en 10 presentaciones. En 11.2 innings ha ponchado a 18 y ha dado cinco boletos.<\/p>\n<\/p>\n<p>El club llam\u00f3 nuevamente al zurdo dominicano Dar\u00edo \u00c1lvarez de Triple-A Round Rock, aunque \u00c1lvarez se encontraba con los Rangers en San Diego.<\/p>\n<h6> 2017-05-09 14:10:56 <\/h6>\n<p><!--\n<link rel=\"stylesheet\" href=\"css\/bootstrap.min.css\">\n\n\n<ul class=\"pagination\">\n\t    \n\t\n\n<li >\n\t<a href='?page_no=8890'>Previous<\/a>\n\t<\/li>\n\n\n       \n    \n\n<li><a href='?page_no=1'>1<\/a><\/li>\n\n\n\n<li><a href='?page_no=2'>2<\/a><\/li>\n\n\n\n<li><a>...<\/a><\/li>\n\n\n\n<li><a href='?page_no=8889'>8889<\/a><\/li>\n\n\n\n<li><a href='?page_no=8890'>8890<\/a><\/li>\n\n\n\n<li class='active'><a>8891<\/a><\/li>\n\n\n\n<li><a href='?page_no=8892'>8892<\/a><\/li>\n\n\n\n<li><a href='?page_no=8893'>8893<\/a><\/li>\n\n\n\n<li><a>...<\/a><\/li>\n\n\n\n<li><a href='?page_no=36618'>36618<\/a><\/li>\n\n\n\n<li><a href='?page_no=36619'>36619<\/a><\/li>\n\n    \n\t\n\n<li >\n\t<a href='?page_no=8892'>Next<\/a>\n\t<\/li>\n\n\n    \n\n<li><a href='?page_no=36619'>Last &rsaquo;&rsaquo;<\/a><\/li>\n\n<\/ul>\n\n\n--><br \/>\n<\/body><\/p>\n","protected":false},"excerpt":{"rendered":"<p>Por T.R. Sullivan \/ MLB.com SAN DIEGO, 9 de mayo, 2017.&#8211; Los Rangers colocaron al lanzador derecho Jos\u00e9 Leclerc en la lista de lesionados de 10 d\u00edas debido a una torcedura en el dedo \u00edndice de la mano derecha. \u00abEn una escala de dolor, no es tan grave, pero siente debilidad en ese dedo y [&hellip;]<\/p>\n","protected":false},"author":3,"featured_media":0,"comment_status":"open","ping_status":"open","sticky":false,"template":"","format":"standard","meta":{"footnotes":""},"categories":[17],"tags":[],"class_list":["post-209604","post","type-post","status-publish","format-standard","hentry","category-deportes"],"_links":{"self":[{"href":"https:\/\/diariodominicano.com\/index.php?rest_route=\/wp\/v2\/posts\/209604","targetHints":{"allow":["GET"]}}],"collection":[{"href":"https:\/\/diariodominicano.com\/index.php?rest_route=\/wp\/v2\/posts"}],"about":[{"href":"https:\/\/diariodominicano.com\/index.php?rest_route=\/wp\/v2\/types\/post"}],"author":[{"embeddable":true,"href":"https:\/\/diariodominicano.com\/index.php?rest_route=\/wp\/v2\/users\/3"}],"replies":[{"embeddable":true,"href":"https:\/\/diariodominicano.com\/index.php?rest_route=%2Fwp%2Fv2%2Fcomments&post=209604"}],"version-history":[{"count":0,"href":"https:\/\/diariodominicano.com\/index.php?rest_route=\/wp\/v2\/posts\/209604\/revisions"}],"wp:attachment":[{"href":"https:\/\/diariodominicano.com\/index.php?rest_route=%2Fwp%2Fv2%2Fmedia&parent=209604"}],"wp:term":[{"taxonomy":"category","embeddable":true,"href":"https:\/\/diariodominicano.com\/index.php?rest_route=%2Fwp%2Fv2%2Fcategories&post=209604"},{"taxonomy":"post_tag","embeddable":true,"href":"https:\/\/diariodominicano.com\/index.php?rest_route=%2Fwp%2Fv2%2Ftags&post=209604"}],"curies":[{"name":"wp","href":"https:\/\/api.w.org\/{rel}","templated":true}]}}