{"id":209594,"date":"2017-05-10T14:02:00","date_gmt":"2017-05-10T14:02:00","guid":{"rendered":"http:\/\/diariodominicano.ddns.net\/?p=209594"},"modified":"2017-05-10T14:02:00","modified_gmt":"2017-05-10T14:02:00","slug":"ryu-saldra-de-la-lista-de-lesionados-el-jueves-para-abrir-vs-rockies","status":"publish","type":"post","link":"https:\/\/diariodominicano.com\/?p=209594","title":{"rendered":"Ryu saldr\u00e1 de la lista de lesionados el jueves para abrir vs. Rockies"},"content":{"rendered":"<p><body><\/p>\n<p><img decoding=\"async\" src=\"img3\/ryu10.jpg\" \/>  <\/p>\n<p>Por Ken Gurnick \/ MLB.com<\/p>\n<\/p>\n<p>LOS \u00c1NGELES, 10 de mayo, 2017&#8211; El lanzador Hyun-Jin Ryu saldr\u00e1 de la lista de lesionados para abrir el partido del jueves por la noche en Denver contra los Rockies, seg\u00fan anunci\u00f3 el manager de los Dodgers, Dave Roberts.<\/p>\n<\/p>\n<p>El jueves ser\u00e1 el primer d\u00eda en que Ryu podr\u00e1 ser elegible para salir de la lista de incapacitados de 10 d\u00edas, en la cual fue colocado debido a una contusi\u00f3n que sufri\u00f3 en la cadera izquierda al deslizarse en la segunda base el 30 de abril en su m\u00e1s reciente y efectiva apertura, en la que cedi\u00f3 una carrera y abanic\u00f3 a nueve en 5.1 innings de labor contra los Filis.<\/p>\n<\/p>\n<p>El zurdo lleva r\u00e9cord de 1-4 con efectividad de 4.05 en cinco aperturas. Aunque ha ponchado a 29 bateadores en 26.2 innings de labor, ha permitido seis cuadrangulares.<\/p>\n<h6> 2017-05-10 14:02:00 <\/h6>\n<p><!--\n<link rel=\"stylesheet\" href=\"css\/bootstrap.min.css\">\n\n\n<ul class=\"pagination\">\n\t    \n\t\n\n<li >\n\t<a href='?page_no=8881'>Previous<\/a>\n\t<\/li>\n\n\n       \n    \n\n<li><a href='?page_no=1'>1<\/a><\/li>\n\n\n\n<li><a href='?page_no=2'>2<\/a><\/li>\n\n\n\n<li><a>...<\/a><\/li>\n\n\n\n<li><a href='?page_no=8880'>8880<\/a><\/li>\n\n\n\n<li><a href='?page_no=8881'>8881<\/a><\/li>\n\n\n\n<li class='active'><a>8882<\/a><\/li>\n\n\n\n<li><a href='?page_no=8883'>8883<\/a><\/li>\n\n\n\n<li><a href='?page_no=8884'>8884<\/a><\/li>\n\n\n\n<li><a>...<\/a><\/li>\n\n\n\n<li><a href='?page_no=36618'>36618<\/a><\/li>\n\n\n\n<li><a href='?page_no=36619'>36619<\/a><\/li>\n\n    \n\t\n\n<li >\n\t<a href='?page_no=8883'>Next<\/a>\n\t<\/li>\n\n\n    \n\n<li><a href='?page_no=36619'>Last &rsaquo;&rsaquo;<\/a><\/li>\n\n<\/ul>\n\n\n--><br \/>\n<\/body><\/p>\n","protected":false},"excerpt":{"rendered":"<p>Por Ken Gurnick \/ MLB.com LOS \u00c1NGELES, 10 de mayo, 2017&#8211; El lanzador Hyun-Jin Ryu saldr\u00e1 de la lista de lesionados para abrir el partido del jueves por la noche en Denver contra los Rockies, seg\u00fan anunci\u00f3 el manager de los Dodgers, Dave Roberts. El jueves ser\u00e1 el primer d\u00eda en que Ryu podr\u00e1 ser [&hellip;]<\/p>\n","protected":false},"author":3,"featured_media":0,"comment_status":"open","ping_status":"open","sticky":false,"template":"","format":"standard","meta":{"footnotes":""},"categories":[17],"tags":[],"class_list":["post-209594","post","type-post","status-publish","format-standard","hentry","category-deportes"],"_links":{"self":[{"href":"https:\/\/diariodominicano.com\/index.php?rest_route=\/wp\/v2\/posts\/209594","targetHints":{"allow":["GET"]}}],"collection":[{"href":"https:\/\/diariodominicano.com\/index.php?rest_route=\/wp\/v2\/posts"}],"about":[{"href":"https:\/\/diariodominicano.com\/index.php?rest_route=\/wp\/v2\/types\/post"}],"author":[{"embeddable":true,"href":"https:\/\/diariodominicano.com\/index.php?rest_route=\/wp\/v2\/users\/3"}],"replies":[{"embeddable":true,"href":"https:\/\/diariodominicano.com\/index.php?rest_route=%2Fwp%2Fv2%2Fcomments&post=209594"}],"version-history":[{"count":0,"href":"https:\/\/diariodominicano.com\/index.php?rest_route=\/wp\/v2\/posts\/209594\/revisions"}],"wp:attachment":[{"href":"https:\/\/diariodominicano.com\/index.php?rest_route=%2Fwp%2Fv2%2Fmedia&parent=209594"}],"wp:term":[{"taxonomy":"category","embeddable":true,"href":"https:\/\/diariodominicano.com\/index.php?rest_route=%2Fwp%2Fv2%2Fcategories&post=209594"},{"taxonomy":"post_tag","embeddable":true,"href":"https:\/\/diariodominicano.com\/index.php?rest_route=%2Fwp%2Fv2%2Ftags&post=209594"}],"curies":[{"name":"wp","href":"https:\/\/api.w.org\/{rel}","templated":true}]}}