{"id":209585,"date":"2017-05-11T13:47:33","date_gmt":"2017-05-11T13:47:33","guid":{"rendered":"http:\/\/diariodominicano.ddns.net\/?p=209585"},"modified":"2017-05-11T13:47:33","modified_gmt":"2017-05-11T13:47:33","slug":"fifa-ratifica-suspension-del-futbol-de-guatemala","status":"publish","type":"post","link":"https:\/\/diariodominicano.com\/?p=209585","title":{"rendered":"FIFA ratifica suspensi\u00f3n del f\u00fatbol de Guatemala"},"content":{"rendered":"<p><body><\/p>\n<p><span class=\"text1noticias\">Guatemala, 11 may (PL) La FIFA ratific\u00f3 hoy la suspensi\u00f3n de la Federaci\u00f3n Nacional de F\u00fatbol de Guatemala (Fedefut) de cualquier competencia internacional, en el \u00e1mbito de su 67 Congreso, celebrado en Manana, en la isla de Bar\u00e9in.<\/span><\/p>\n<p><span class=\"text1noticias\"> <\/span><\/p>\n<p><span class=\"text1noticias\">Desde el 28 octubre de 2016 est\u00e1 vigente la medida contra el pa\u00eds centroamericano, donde la asamblea de la Fedefut rechaz\u00f3 las medidas impuestas por el ente rector de esa disciplina a nivel mundial en medio de los esc\u00e1ndalos de corrupci\u00f3n que salpicaron a exdirectivos del organismo.<\/span><\/p>\n<p><span class=\"text1noticias\"> <\/span><\/p>\n<p><span class=\"text1noticias\">Los asamble\u00edstas guatemaltecos no avalaron la continuidad del Comit\u00e9 de Regularizaci\u00f3n impuesto por la FIFA con el objetivo de reestructurar la asociaci\u00f3n chapina y reformular sus estatutos, conforme con los de la federaci\u00f3n con sede en Z\u00farich, Suiza.<\/span><\/p>\n<p><span class=\"text1noticias\"> <\/span><\/p>\n<p><span class=\"text1noticias\">El Congreso reafirm\u00f3 la inhabilitaci\u00f3n de Guatemala, por recomendaci\u00f3n del consejo superior, por abrumadora mayor\u00eda: 197 votos a favor y s\u00f3lo dos en contra.<\/span><\/p>\n<p><span class=\"text1noticias\"> <\/span><\/p>\n<p><span class=\"text1noticias\">La intenci\u00f3n es que la federaci\u00f3n guatemalteca finalmente asuma en su totalidad las recomendaciones de la FIFA, entre las cuales est\u00e1 fijar en los estatutos una mayor participaci\u00f3n femenina en la direcci\u00f3n deportiva.<\/span><\/p>\n<p><span class=\"text1noticias\"> <\/span><\/p>\n<p><span class=\"text1noticias\">Otro cambio que debe implementarse es la prohibici\u00f3n a la reelecci\u00f3n por tiempo indefinido para el cargo de presidente de la Fedefut, la creaci\u00f3n de un \u00f3rgano electoral y de otro de \u00e9tica.<\/span><\/p>\n<p><span class=\"text1noticias\"> <\/span><\/p>\n<p><span class=\"text1noticias\">Adem\u00e1s de Guatemala qued\u00f3 suspendido Kuwait, 197 votos a favor y ocho en contra, hasta que sus autoridades no implemente los cambios en la ley nacional del deporte propuestos por la<\/span> FIFA.<\/p>\n<h6> 2017-05-11 13:47:33 <\/h6>\n<p><!--\n<link rel=\"stylesheet\" href=\"css\/bootstrap.min.css\">\n\n\n<ul class=\"pagination\">\n\t    \n\t\n\n<li >\n\t<a href='?page_no=8873'>Previous<\/a>\n\t<\/li>\n\n\n       \n    \n\n<li><a href='?page_no=1'>1<\/a><\/li>\n\n\n\n<li><a href='?page_no=2'>2<\/a><\/li>\n\n\n\n<li><a>...<\/a><\/li>\n\n\n\n<li><a href='?page_no=8872'>8872<\/a><\/li>\n\n\n\n<li><a href='?page_no=8873'>8873<\/a><\/li>\n\n\n\n<li class='active'><a>8874<\/a><\/li>\n\n\n\n<li><a href='?page_no=8875'>8875<\/a><\/li>\n\n\n\n<li><a href='?page_no=8876'>8876<\/a><\/li>\n\n\n\n<li><a>...<\/a><\/li>\n\n\n\n<li><a href='?page_no=36618'>36618<\/a><\/li>\n\n\n\n<li><a href='?page_no=36619'>36619<\/a><\/li>\n\n    \n\t\n\n<li >\n\t<a href='?page_no=8875'>Next<\/a>\n\t<\/li>\n\n\n    \n\n<li><a href='?page_no=36619'>Last &rsaquo;&rsaquo;<\/a><\/li>\n\n<\/ul>\n\n\n--><br \/>\n<\/body><\/p>\n","protected":false},"excerpt":{"rendered":"<p>Guatemala, 11 may (PL) La FIFA ratific\u00f3 hoy la suspensi\u00f3n de la Federaci\u00f3n Nacional de F\u00fatbol de Guatemala (Fedefut) de cualquier competencia internacional, en el \u00e1mbito de su 67 Congreso, celebrado en Manana, en la isla de Bar\u00e9in. Desde el 28 octubre de 2016 est\u00e1 vigente la medida contra el pa\u00eds centroamericano, donde la asamblea [&hellip;]<\/p>\n","protected":false},"author":3,"featured_media":0,"comment_status":"open","ping_status":"open","sticky":false,"template":"","format":"standard","meta":{"footnotes":""},"categories":[17],"tags":[],"class_list":["post-209585","post","type-post","status-publish","format-standard","hentry","category-deportes"],"_links":{"self":[{"href":"https:\/\/diariodominicano.com\/index.php?rest_route=\/wp\/v2\/posts\/209585","targetHints":{"allow":["GET"]}}],"collection":[{"href":"https:\/\/diariodominicano.com\/index.php?rest_route=\/wp\/v2\/posts"}],"about":[{"href":"https:\/\/diariodominicano.com\/index.php?rest_route=\/wp\/v2\/types\/post"}],"author":[{"embeddable":true,"href":"https:\/\/diariodominicano.com\/index.php?rest_route=\/wp\/v2\/users\/3"}],"replies":[{"embeddable":true,"href":"https:\/\/diariodominicano.com\/index.php?rest_route=%2Fwp%2Fv2%2Fcomments&post=209585"}],"version-history":[{"count":0,"href":"https:\/\/diariodominicano.com\/index.php?rest_route=\/wp\/v2\/posts\/209585\/revisions"}],"wp:attachment":[{"href":"https:\/\/diariodominicano.com\/index.php?rest_route=%2Fwp%2Fv2%2Fmedia&parent=209585"}],"wp:term":[{"taxonomy":"category","embeddable":true,"href":"https:\/\/diariodominicano.com\/index.php?rest_route=%2Fwp%2Fv2%2Fcategories&post=209585"},{"taxonomy":"post_tag","embeddable":true,"href":"https:\/\/diariodominicano.com\/index.php?rest_route=%2Fwp%2Fv2%2Ftags&post=209585"}],"curies":[{"name":"wp","href":"https:\/\/api.w.org\/{rel}","templated":true}]}}