{"id":209573,"date":"2017-05-12T17:09:32","date_gmt":"2017-05-12T17:09:32","guid":{"rendered":"http:\/\/diariodominicano.ddns.net\/?p=209573"},"modified":"2017-05-12T17:09:32","modified_gmt":"2017-05-12T17:09:32","slug":"el-dominicano-lisalverto-bonilla-abrira-por-los-rojos-el-sabado-vs-s-f","status":"publish","type":"post","link":"https:\/\/diariodominicano.com\/?p=209573","title":{"rendered":"El dominicano Lisalverto Bonilla abrir\u00e1 por los Rojos el s\u00e1bado vs. S.F."},"content":{"rendered":"<p><body><\/p>\n<p><img decoding=\"async\" src=\"img3\/Bonilla12.jpg\" \/>  <\/p>\n<p><span class=\"text1noticias\">Cincinnati, 12 de mayo, 2017.-  Los Rojos de Cincinnati han convocado al diestro dominicano Lisalverto Bonilla para que abra el s\u00e1bado ante los Gigantes de San Francisco.<\/span><\/p>\n<p><span class=\"text1noticias\"> <\/span><\/p>\n<p><span class=\"text1noticias\">Bonilla, de 26 a\u00f1os de edad, llena el puesto en el roster que qued\u00f3 vacante cuando el diestro Rookie Davis fue enviado a Triple-A Louisville el mi\u00e9rcoles.<\/span><\/p>\n<\/p>\n<p><span class=\"text1noticias\">La apertura de Bonilla contra San Francisco ser\u00e1 su primera en Grandes Ligas desde el 2014, cuando era integrante de los Rangers de Texas. En su \u00fanica presentaci\u00f3n por el equipo grande de Cincinnati esta temporada, el quisqueyano cedi\u00f3 cuatro anotaciones en cinco entradas como relevista.<\/span><\/p>\n<p><span class=\"text1noticias\">En cinco aperturas de liga menor este a\u00f1o, Bonilla ha registrado promedio de carreras limpias de 5.61.<\/span><\/p>\n<p><span class=\"text1noticias\"> <\/span><\/p>\n<p><span class=\"text1noticias\">Bonilla, de 26 a\u00f1os de edad, llena el puesto en el roster que qued\u00f3 vacante cuando el diestro Rookie Davis fue enviado a Triple-A Louisville el mi\u00e9rcoles.<\/span><\/p>\n<p><span class=\"text1noticias\"> <\/span><\/p>\n<p><span class=\"text1noticias\">La apertura de Bonilla contra San Francisco ser\u00e1 su primera en Grandes Ligas desde el 2014, cuando era integrante de los Rangers de Texas. En su \u00fanica presentaci\u00f3n por el equipo grande de Cincinnati esta temporada, el quisqueyano cedi\u00f3 cuatro anotaciones en cinco entradas como relevista.<\/span><\/p>\n<p><span class=\"text1noticias\">En cinco aperturas de liga menor este a\u00f1o, Bonilla ha registrado promedio de carreras limpias de 5.61.<\/span><\/p>\n<h6> 2017-05-12 17:09:32 <\/h6>\n<p><!--\n<link rel=\"stylesheet\" href=\"css\/bootstrap.min.css\">\n\n\n<ul class=\"pagination\">\n\t    \n\t\n\n<li >\n\t<a href='?page_no=8862'>Previous<\/a>\n\t<\/li>\n\n\n       \n    \n\n<li><a href='?page_no=1'>1<\/a><\/li>\n\n\n\n<li><a href='?page_no=2'>2<\/a><\/li>\n\n\n\n<li><a>...<\/a><\/li>\n\n\n\n<li><a href='?page_no=8861'>8861<\/a><\/li>\n\n\n\n<li><a href='?page_no=8862'>8862<\/a><\/li>\n\n\n\n<li class='active'><a>8863<\/a><\/li>\n\n\n\n<li><a href='?page_no=8864'>8864<\/a><\/li>\n\n\n\n<li><a href='?page_no=8865'>8865<\/a><\/li>\n\n\n\n<li><a>...<\/a><\/li>\n\n\n\n<li><a href='?page_no=36618'>36618<\/a><\/li>\n\n\n\n<li><a href='?page_no=36619'>36619<\/a><\/li>\n\n    \n\t\n\n<li >\n\t<a href='?page_no=8864'>Next<\/a>\n\t<\/li>\n\n\n    \n\n<li><a href='?page_no=36619'>Last &rsaquo;&rsaquo;<\/a><\/li>\n\n<\/ul>\n\n\n--><br \/>\n<\/body><\/p>\n","protected":false},"excerpt":{"rendered":"<p>Cincinnati, 12 de mayo, 2017.- Los Rojos de Cincinnati han convocado al diestro dominicano Lisalverto Bonilla para que abra el s\u00e1bado ante los Gigantes de San Francisco. Bonilla, de 26 a\u00f1os de edad, llena el puesto en el roster que qued\u00f3 vacante cuando el diestro Rookie Davis fue enviado a Triple-A Louisville el mi\u00e9rcoles. La [&hellip;]<\/p>\n","protected":false},"author":3,"featured_media":0,"comment_status":"open","ping_status":"open","sticky":false,"template":"","format":"standard","meta":{"footnotes":""},"categories":[17],"tags":[],"class_list":["post-209573","post","type-post","status-publish","format-standard","hentry","category-deportes"],"_links":{"self":[{"href":"https:\/\/diariodominicano.com\/index.php?rest_route=\/wp\/v2\/posts\/209573","targetHints":{"allow":["GET"]}}],"collection":[{"href":"https:\/\/diariodominicano.com\/index.php?rest_route=\/wp\/v2\/posts"}],"about":[{"href":"https:\/\/diariodominicano.com\/index.php?rest_route=\/wp\/v2\/types\/post"}],"author":[{"embeddable":true,"href":"https:\/\/diariodominicano.com\/index.php?rest_route=\/wp\/v2\/users\/3"}],"replies":[{"embeddable":true,"href":"https:\/\/diariodominicano.com\/index.php?rest_route=%2Fwp%2Fv2%2Fcomments&post=209573"}],"version-history":[{"count":0,"href":"https:\/\/diariodominicano.com\/index.php?rest_route=\/wp\/v2\/posts\/209573\/revisions"}],"wp:attachment":[{"href":"https:\/\/diariodominicano.com\/index.php?rest_route=%2Fwp%2Fv2%2Fmedia&parent=209573"}],"wp:term":[{"taxonomy":"category","embeddable":true,"href":"https:\/\/diariodominicano.com\/index.php?rest_route=%2Fwp%2Fv2%2Fcategories&post=209573"},{"taxonomy":"post_tag","embeddable":true,"href":"https:\/\/diariodominicano.com\/index.php?rest_route=%2Fwp%2Fv2%2Ftags&post=209573"}],"curies":[{"name":"wp","href":"https:\/\/api.w.org\/{rel}","templated":true}]}}