{"id":209572,"date":"2017-05-12T17:19:19","date_gmt":"2017-05-12T17:19:19","guid":{"rendered":"http:\/\/diariodominicano.ddns.net\/?p=209572"},"modified":"2017-05-12T17:19:19","modified_gmt":"2017-05-12T17:19:19","slug":"ryan-braun-pasa-a-la-lista-de-incapacitados-de-los-cerveceros","status":"publish","type":"post","link":"https:\/\/diariodominicano.com\/?p=209572","title":{"rendered":"Ryan Braun pasa a la lista de incapacitados de los Cerveceros"},"content":{"rendered":"<p><body><\/p>\n<p><img decoding=\"async\" src=\"img3\/Rayn12.jpg\" \/>  <\/p>\n<p><span class=\"text1noticias\">Por Oliver Macklin \/ MLB.com<\/span><\/p>\n<p><span class=\"text1noticias\"> <\/span><\/p>\n<p><span class=\"text1noticias\">Milwaukee, 12 de mayo, 2017.- Despu\u00e9s de someterse a un an\u00e1lisis de resonancia magn\u00e9tica que revel\u00f3 un tir\u00f3n en la pantorrilla izquierda, el jardinero Ryan Braun fue colocado en la lista de incapacitados de 10 d\u00edas por los Cerveceros.<\/span><\/p>\n<p><span class=\"text1noticias\"> <\/span><\/p>\n<p><span class=\"text1noticias\">Para sustituir a Braun en el roster activo, Milwaukee subi\u00f3 desde Triple-A Colorado Springs al infielder Eric Sogard.<\/span><\/p>\n<\/p>\n<p><span class=\"text1noticias\">Braun, de 33 a\u00f1os, afirm\u00f3 que sinti\u00f3 rigidez en la pantorrilla el martes en la victoria sobre los Medias Rojas. Se le empeor\u00f3 el mi\u00e9rcoles, cuando tuvo que abandonar el partido vs. Boston.<\/span><\/p>\n<\/p>\n<p><span class=\"text1noticias\">En lo que va del 2017, Braun batea .287 con siete jonrones y 18 empujadas en 27 juegos.<\/span><\/p>\n<\/p>\n<p><span class=\"text1noticias\">De su parte, Sogard vuelve a Grandes Ligas por primera vez desde el 2015, cuando tuvo promedio de .247 con un jonr\u00f3n y 37 empujada en 120 partidos por los Atl\u00e9ticos. Bateaba .330 con tres cuadrangulares y 17 impulsadas en 24 encuentros por Colorado Spring<\/span>s.<\/p>\n<h6> 2017-05-12 17:19:19 <\/h6>\n<p><!--\n<link rel=\"stylesheet\" href=\"css\/bootstrap.min.css\">\n\n\n<ul class=\"pagination\">\n\t    \n\t\n\n<li >\n\t<a href='?page_no=8861'>Previous<\/a>\n\t<\/li>\n\n\n       \n    \n\n<li><a href='?page_no=1'>1<\/a><\/li>\n\n\n\n<li><a href='?page_no=2'>2<\/a><\/li>\n\n\n\n<li><a>...<\/a><\/li>\n\n\n\n<li><a href='?page_no=8860'>8860<\/a><\/li>\n\n\n\n<li><a href='?page_no=8861'>8861<\/a><\/li>\n\n\n\n<li class='active'><a>8862<\/a><\/li>\n\n\n\n<li><a href='?page_no=8863'>8863<\/a><\/li>\n\n\n\n<li><a href='?page_no=8864'>8864<\/a><\/li>\n\n\n\n<li><a>...<\/a><\/li>\n\n\n\n<li><a href='?page_no=36618'>36618<\/a><\/li>\n\n\n\n<li><a href='?page_no=36619'>36619<\/a><\/li>\n\n    \n\t\n\n<li >\n\t<a href='?page_no=8863'>Next<\/a>\n\t<\/li>\n\n\n    \n\n<li><a href='?page_no=36619'>Last &rsaquo;&rsaquo;<\/a><\/li>\n\n<\/ul>\n\n\n--><br \/>\n<\/body><\/p>\n","protected":false},"excerpt":{"rendered":"<p>Por Oliver Macklin \/ MLB.com Milwaukee, 12 de mayo, 2017.- Despu\u00e9s de someterse a un an\u00e1lisis de resonancia magn\u00e9tica que revel\u00f3 un tir\u00f3n en la pantorrilla izquierda, el jardinero Ryan Braun fue colocado en la lista de incapacitados de 10 d\u00edas por los Cerveceros. Para sustituir a Braun en el roster activo, Milwaukee subi\u00f3 desde [&hellip;]<\/p>\n","protected":false},"author":3,"featured_media":0,"comment_status":"open","ping_status":"open","sticky":false,"template":"","format":"standard","meta":{"footnotes":""},"categories":[17],"tags":[],"class_list":["post-209572","post","type-post","status-publish","format-standard","hentry","category-deportes"],"_links":{"self":[{"href":"https:\/\/diariodominicano.com\/index.php?rest_route=\/wp\/v2\/posts\/209572","targetHints":{"allow":["GET"]}}],"collection":[{"href":"https:\/\/diariodominicano.com\/index.php?rest_route=\/wp\/v2\/posts"}],"about":[{"href":"https:\/\/diariodominicano.com\/index.php?rest_route=\/wp\/v2\/types\/post"}],"author":[{"embeddable":true,"href":"https:\/\/diariodominicano.com\/index.php?rest_route=\/wp\/v2\/users\/3"}],"replies":[{"embeddable":true,"href":"https:\/\/diariodominicano.com\/index.php?rest_route=%2Fwp%2Fv2%2Fcomments&post=209572"}],"version-history":[{"count":0,"href":"https:\/\/diariodominicano.com\/index.php?rest_route=\/wp\/v2\/posts\/209572\/revisions"}],"wp:attachment":[{"href":"https:\/\/diariodominicano.com\/index.php?rest_route=%2Fwp%2Fv2%2Fmedia&parent=209572"}],"wp:term":[{"taxonomy":"category","embeddable":true,"href":"https:\/\/diariodominicano.com\/index.php?rest_route=%2Fwp%2Fv2%2Fcategories&post=209572"},{"taxonomy":"post_tag","embeddable":true,"href":"https:\/\/diariodominicano.com\/index.php?rest_route=%2Fwp%2Fv2%2Ftags&post=209572"}],"curies":[{"name":"wp","href":"https:\/\/api.w.org\/{rel}","templated":true}]}}