{"id":209571,"date":"2017-05-12T17:28:20","date_gmt":"2017-05-12T17:28:20","guid":{"rendered":"http:\/\/diariodominicano.ddns.net\/?p=209571"},"modified":"2017-05-12T17:28:20","modified_gmt":"2017-05-12T17:28:20","slug":"mets-inhabilitan-al-cerrador-jeurys-familia-y-activan-al-primera-base-lucas-duda","status":"publish","type":"post","link":"https:\/\/diariodominicano.com\/?p=209571","title":{"rendered":"Mets inhabilitan al cerrador Jeurys Familia y activan al primera base Lucas Duda"},"content":{"rendered":"<p><body><\/p>\n<p><img decoding=\"async\" src=\"img3\/familia12.jpg\" \/>  <\/p>\n<p>MLB.com <\/p>\n<\/p>\n<p>Nueva York, 12 de mayo, 2017.-  El cerrador dominicano de los Mets de Nueva York, Jeurys Familia, ingres\u00f3 a la lista de lesionados de 10 d\u00edas con efecto retroactivo al jueves debido a un co\u00e1gulo sangu\u00edneo en el brazo derecho, anunci\u00f3 el equipo el viernes.<\/p>\n<\/p>\n<p>En un movimiento correspondiente, la novena de Queens activ\u00f3 de la lista de incapacitados al inicialista Lucas Duda, quien se encontraba fuera de acci\u00f3n por una lesi\u00f3n en el codo derecho.<\/p>\n<\/p>\n<p>Familia, quien cumpli\u00f3 una suspensi\u00f3n de 15 d\u00edas al principio de la temporada bajo la pol\u00edtica de violencia dom\u00e9stica de Grandes Ligas, lleva promedio de carreras limpias de 3.86 en 11 presentaciones por Nueva York esta temporada y suma tres rescates en cuatro oportunidades.<\/p>\n<\/p>\n<p>De su parte, Duda bateaba .238 con cuatro jonrones y siete remolcadas en 13 juegos al momento de lesionarse.<\/p>\n<h6> 2017-05-12 17:28:20 <\/h6>\n<p><!--\n<link rel=\"stylesheet\" href=\"css\/bootstrap.min.css\">\n\n\n<ul class=\"pagination\">\n\t    \n\t\n\n<li >\n\t<a href='?page_no=8860'>Previous<\/a>\n\t<\/li>\n\n\n       \n    \n\n<li><a href='?page_no=1'>1<\/a><\/li>\n\n\n\n<li><a href='?page_no=2'>2<\/a><\/li>\n\n\n\n<li><a>...<\/a><\/li>\n\n\n\n<li><a href='?page_no=8859'>8859<\/a><\/li>\n\n\n\n<li><a href='?page_no=8860'>8860<\/a><\/li>\n\n\n\n<li class='active'><a>8861<\/a><\/li>\n\n\n\n<li><a href='?page_no=8862'>8862<\/a><\/li>\n\n\n\n<li><a href='?page_no=8863'>8863<\/a><\/li>\n\n\n\n<li><a>...<\/a><\/li>\n\n\n\n<li><a href='?page_no=36618'>36618<\/a><\/li>\n\n\n\n<li><a href='?page_no=36619'>36619<\/a><\/li>\n\n    \n\t\n\n<li >\n\t<a href='?page_no=8862'>Next<\/a>\n\t<\/li>\n\n\n    \n\n<li><a href='?page_no=36619'>Last &rsaquo;&rsaquo;<\/a><\/li>\n\n<\/ul>\n\n\n--><br \/>\n<\/body><\/p>\n","protected":false},"excerpt":{"rendered":"<p>MLB.com Nueva York, 12 de mayo, 2017.- El cerrador dominicano de los Mets de Nueva York, Jeurys Familia, ingres\u00f3 a la lista de lesionados de 10 d\u00edas con efecto retroactivo al jueves debido a un co\u00e1gulo sangu\u00edneo en el brazo derecho, anunci\u00f3 el equipo el viernes. En un movimiento correspondiente, la novena de Queens activ\u00f3 [&hellip;]<\/p>\n","protected":false},"author":3,"featured_media":0,"comment_status":"open","ping_status":"open","sticky":false,"template":"","format":"standard","meta":{"footnotes":""},"categories":[17],"tags":[],"class_list":["post-209571","post","type-post","status-publish","format-standard","hentry","category-deportes"],"_links":{"self":[{"href":"https:\/\/diariodominicano.com\/index.php?rest_route=\/wp\/v2\/posts\/209571","targetHints":{"allow":["GET"]}}],"collection":[{"href":"https:\/\/diariodominicano.com\/index.php?rest_route=\/wp\/v2\/posts"}],"about":[{"href":"https:\/\/diariodominicano.com\/index.php?rest_route=\/wp\/v2\/types\/post"}],"author":[{"embeddable":true,"href":"https:\/\/diariodominicano.com\/index.php?rest_route=\/wp\/v2\/users\/3"}],"replies":[{"embeddable":true,"href":"https:\/\/diariodominicano.com\/index.php?rest_route=%2Fwp%2Fv2%2Fcomments&post=209571"}],"version-history":[{"count":0,"href":"https:\/\/diariodominicano.com\/index.php?rest_route=\/wp\/v2\/posts\/209571\/revisions"}],"wp:attachment":[{"href":"https:\/\/diariodominicano.com\/index.php?rest_route=%2Fwp%2Fv2%2Fmedia&parent=209571"}],"wp:term":[{"taxonomy":"category","embeddable":true,"href":"https:\/\/diariodominicano.com\/index.php?rest_route=%2Fwp%2Fv2%2Fcategories&post=209571"},{"taxonomy":"post_tag","embeddable":true,"href":"https:\/\/diariodominicano.com\/index.php?rest_route=%2Fwp%2Fv2%2Ftags&post=209571"}],"curies":[{"name":"wp","href":"https:\/\/api.w.org\/{rel}","templated":true}]}}