{"id":209562,"date":"2017-05-15T08:00:37","date_gmt":"2017-05-15T08:00:37","guid":{"rendered":"http:\/\/diariodominicano.ddns.net\/?p=209562"},"modified":"2017-05-15T08:00:37","modified_gmt":"2017-05-15T08:00:37","slug":"los-yanquis-retiraron-el-numero-2-de-su-ex-capitan-derek-jeter","status":"publish","type":"post","link":"https:\/\/diariodominicano.com\/?p=209562","title":{"rendered":"Los Yanquis retiraron el n\u00famero 2 de su ex capit\u00e1n Derek Jeter"},"content":{"rendered":"<p><body><\/p>\n<p><img decoding=\"async\" src=\"img3\/derekk.jpg\" \/>  <\/p>\n<p>NUEVA YORK, 15 de mayo.- Derek Jeter sostuvo el micr\u00f3fono y se dirigi\u00f3 sin notas ante el p\u00fablico que abarrot\u00f3 Yankee Stadium. Su n\u00famero 2, el \u00faltimo de un solo d\u00edgito en la franela a rayas, fue retirado y se dedic\u00f3 una placa en su honor que ser\u00e1 colocada en Monument Park junto a los tributos de Ruth, Gehrig, DiMaggio, Mantle, Berra y el resto de las leyendas de la novena.<\/p>\n<\/p>\n<p>\u00abDigo esto muy humildemente\u00bb, coment\u00f3 a los aficionados, \u00abno hay una sola persona o jugador con el que cambiar\u00eda el lugar, que est\u00e9 activo o en la historia\u00bb.<\/p>\n<\/p>\n<p>Tres a\u00f1os despu\u00e9s de retirarse de una trayectoria en Grandes Ligas que abarc\u00f3 de 1995 a 2014, Jeter eligi\u00f3 personalmente el D\u00eda de las Madres para su tributo. Su abuela, sus padres, su hermana, su sobrino y su esposa embarazada lo acompa\u00f1aron en la ceremonia y se rieron cuando \u00e9l vio su placa, en la que se lee:<\/p>\n<p>\u00abDerek Sanderson Jeter\/&#8217;El Capit\u00e1n&#8217;\/\u00bbMr. Noviembre\u00bb y prosigue llam\u00e1ndolo: \u00abLa pieza clave del equipo que logr\u00f3 cinco campeonatos\u00bb y \u00abEl l\u00edder en el campo y la caseta, que puso el ejemplo para sus compa\u00f1eros con su desprendido deseo del \u00e9xito del equipo\u00bb.<\/p>\n<\/p>\n<p>Jeter dijo que pens\u00f3 en las placas de sus compa\u00f1eros de equipo, los puertorrique\u00f1os Bernie Williams y Jorge Posada, y del lanzador Andy Pettitte.<\/p>\n<\/p>\n<p>\u00abCuando Bernie recibi\u00f3 la suya, ten\u00eda un gran lunar. Cuando Jorge obtuvo la suya, ten\u00eda las orejas grandes. La de Andy ten\u00eda una enorme nariz. As\u00ed que estoy contento con la m\u00eda\u00bb, dijo Jeter.<\/p>\n<\/p>\n<p>Ahora con 42 a\u00f1os, Jeter fue capit\u00e1n de los Yanquis durante sus \u00faltimas 12 campa\u00f1as, coronando una carrera que incluye cinco t\u00edtulos de Serie Mundial y un r\u00e9cord de la franquicia de 3.465 imparables. Es el 22do jugador al que Nueva York le retira el n\u00famero, por mucho la cifra m\u00e1s alta entre los equipos de Grandes Ligas.<\/p>\n<\/p>\n<p>\u00abQuiero agradecer a mi familia por su amor, apoyo, honestidad y lo m\u00e1s importante, su presencia en todo lo que hice dentro y fuera del terreno\u00bb, dijo durante un discurso de tres minutos que puso fin a una ceremonia de 40 minutos.<\/p>\n<\/p>\n<p> \u00abY a los aficionados &#8212; wow &#8212; Quiero agradecerles por presionarme, retarme, por hacerme responsable, y en especial por adoptarme desde el primer d\u00eda\u00bb.<\/p>\n<p>Jeter decidi\u00f3 dirigirse al p\u00fablico sin notas de ayuda.<\/p>\n<\/p>\n<p>\u00abCuando preparo discursos siempre olvido una parte, y entonces nada de lo que dije tiene sentido\u00bb, coment\u00f3.<\/p>\n<p>Coincidentemente, Nueva York jug\u00f3 dos en la noche de Derek Jeter, una doble cartelera ante Houston a causa de una suspensi\u00f3n por lluvia el s\u00e1bado, y las festividades comenzaron despu\u00e9s del triunfo de 11-6 en el primer juego de la jornada.<\/p>\n<\/p>\n<p>Sus excompa\u00f1eros Mariano Rivera, Paul O&#8217;Neill, Tino Mart\u00ednez, David Cone e Hideki Matsui acudieron al evento. Alex Rodr\u00edguez no lo hizo, y su portavoz Ron Berkowitz aclar\u00f3 que A-Rod estuvo en Miami para pasar tiempo con su madre y sus hijas.<\/p>\n<\/p>\n<p>Varios jugadores cuyos n\u00fameros ya tambi\u00e9n fueron retirados vistieron una chaqueta deportiva azul marino con el logo de Monument Park, como la que recibi\u00f3 Jeter. Reggie Jackson se present\u00f3 en un atuendo m\u00e1s casual.<\/p>\n<\/p>\n<p>La copropietaria del equipo, Jennifer Steinbrenner Swindal le dio a Jeter un anillo de oro blanco de 14 quilates con el n\u00famero 2 formado en diamantes, rodeado de&#8230; m\u00e1s diamantes.<\/p>\n<h6> 2017-05-15 08:00:37 <\/h6>\n<p><!--\n<link rel=\"stylesheet\" href=\"css\/bootstrap.min.css\">\n\n\n<ul class=\"pagination\">\n\t    \n\t\n\n<li >\n\t<a href='?page_no=8852'>Previous<\/a>\n\t<\/li>\n\n\n       \n    \n\n<li><a href='?page_no=1'>1<\/a><\/li>\n\n\n\n<li><a href='?page_no=2'>2<\/a><\/li>\n\n\n\n<li><a>...<\/a><\/li>\n\n\n\n<li><a href='?page_no=8851'>8851<\/a><\/li>\n\n\n\n<li><a href='?page_no=8852'>8852<\/a><\/li>\n\n\n\n<li class='active'><a>8853<\/a><\/li>\n\n\n\n<li><a href='?page_no=8854'>8854<\/a><\/li>\n\n\n\n<li><a href='?page_no=8855'>8855<\/a><\/li>\n\n\n\n<li><a>...<\/a><\/li>\n\n\n\n<li><a href='?page_no=36618'>36618<\/a><\/li>\n\n\n\n<li><a href='?page_no=36619'>36619<\/a><\/li>\n\n    \n\t\n\n<li >\n\t<a href='?page_no=8854'>Next<\/a>\n\t<\/li>\n\n\n    \n\n<li><a href='?page_no=36619'>Last &rsaquo;&rsaquo;<\/a><\/li>\n\n<\/ul>\n\n\n--><br \/>\n<\/body><\/p>\n","protected":false},"excerpt":{"rendered":"<p>NUEVA YORK, 15 de mayo.- Derek Jeter sostuvo el micr\u00f3fono y se dirigi\u00f3 sin notas ante el p\u00fablico que abarrot\u00f3 Yankee Stadium. Su n\u00famero 2, el \u00faltimo de un solo d\u00edgito en la franela a rayas, fue retirado y se dedic\u00f3 una placa en su honor que ser\u00e1 colocada en Monument Park junto a los [&hellip;]<\/p>\n","protected":false},"author":3,"featured_media":0,"comment_status":"open","ping_status":"open","sticky":false,"template":"","format":"standard","meta":{"footnotes":""},"categories":[17],"tags":[],"class_list":["post-209562","post","type-post","status-publish","format-standard","hentry","category-deportes"],"_links":{"self":[{"href":"https:\/\/diariodominicano.com\/index.php?rest_route=\/wp\/v2\/posts\/209562","targetHints":{"allow":["GET"]}}],"collection":[{"href":"https:\/\/diariodominicano.com\/index.php?rest_route=\/wp\/v2\/posts"}],"about":[{"href":"https:\/\/diariodominicano.com\/index.php?rest_route=\/wp\/v2\/types\/post"}],"author":[{"embeddable":true,"href":"https:\/\/diariodominicano.com\/index.php?rest_route=\/wp\/v2\/users\/3"}],"replies":[{"embeddable":true,"href":"https:\/\/diariodominicano.com\/index.php?rest_route=%2Fwp%2Fv2%2Fcomments&post=209562"}],"version-history":[{"count":0,"href":"https:\/\/diariodominicano.com\/index.php?rest_route=\/wp\/v2\/posts\/209562\/revisions"}],"wp:attachment":[{"href":"https:\/\/diariodominicano.com\/index.php?rest_route=%2Fwp%2Fv2%2Fmedia&parent=209562"}],"wp:term":[{"taxonomy":"category","embeddable":true,"href":"https:\/\/diariodominicano.com\/index.php?rest_route=%2Fwp%2Fv2%2Fcategories&post=209562"},{"taxonomy":"post_tag","embeddable":true,"href":"https:\/\/diariodominicano.com\/index.php?rest_route=%2Fwp%2Fv2%2Ftags&post=209562"}],"curies":[{"name":"wp","href":"https:\/\/api.w.org\/{rel}","templated":true}]}}