{"id":209555,"date":"2017-05-15T13:45:49","date_gmt":"2017-05-15T13:45:49","guid":{"rendered":"http:\/\/diariodominicano.ddns.net\/?p=209555"},"modified":"2017-05-15T13:45:49","modified_gmt":"2017-05-15T13:45:49","slug":"argentino-demichelis-anuncia-su-retirada-del-futbol","status":"publish","type":"post","link":"https:\/\/diariodominicano.com\/?p=209555","title":{"rendered":"Argentino Demichelis anuncia su retirada del f\u00fatbol"},"content":{"rendered":"<p><body><\/p>\n<p><img decoding=\"async\" src=\"img3\/demichelisfufbool.jpg\" \/>  <\/p>\n<p><span class=\"text1noticias\">Madrid, 15 may (PL) El defensa argentino Mart\u00edn Demichelis anunci\u00f3 hoy su retirada como futbolista profesional, a sus 36 a\u00f1os de edad.<\/span><\/p>\n<p><span class=\"text1noticias\"> <\/span><\/p>\n<p><span class=\"text1noticias\">Como todos bien sabemos, lamentablemente el d\u00eda nos llega a todos. Lo ven\u00eda meditando hace un tiempo porque siempre me preocup\u00e9 much\u00edsimo por lo que es la finalizaci\u00f3n de la carrera como futbolista profesional, expres\u00f3 el actual zaguero del M\u00e1laga espa\u00f1ol.<\/span><\/p>\n<p><span class=\"text1noticias\"> <\/span><\/p>\n<p><span class=\"text1noticias\">En una conferencia de prensa en las instalaciones del club de la Liga espa\u00f1ola, un Demichelis visiblemente emocionado agradeci\u00f3 a la instituci\u00f3n malague\u00f1a por acogerlo en estos \u00faltimos meses.<\/span><\/p>\n<p><span class=\"text1noticias\"> <\/span><\/p>\n<p><span class=\"text1noticias\">Soy un agradecido a la profesi\u00f3n y en este caso al M\u00e1laga en particular, porque extendieron mi carrera y me dieron esas ganas que un jugador necesita para seguir teniendo el deseo de seguir siendo profesional, afirm\u00f3.<\/span><\/p>\n<p><span class=\"text1noticias\"> <\/span><\/p>\n<p><span class=\"text1noticias\">El \u00faltimo partido de Demichelis como profesional en activo ser\u00eda el domingo ante el Real Madrid en el estadio de La Rosaleda, en la \u00faltima jornada, donde podr\u00eda decidirse el t\u00edtulo de la Liga.<\/span><\/p>\n<p><span class=\"text1noticias\"> <\/span><\/p>\n<p><span class=\"text1noticias\">Ten\u00eda que ser honesto conmigo mismo, con el equipo, con el m\u00edster y, por supuesto, con la profesi\u00f3n que me lo ha dado todo y, por eso, decido dejar el f\u00fatbol, manifest\u00f3.<\/span><\/p>\n<p><span class=\"text1noticias\"> <\/span><\/p>\n<p><span class=\"text1noticias\">Demichelis debut\u00f3 en el River Plate de su pa\u00eds (2000-2003), antes de dar el salto a Europa, donde visti\u00f3 los colores del Bayern de M\u00fanich en una larga etapa, desde 2003 a 2010.<\/span><\/p>\n<p><span class=\"text1noticias\"> <\/span><\/p>\n<p><span class=\"text1noticias\">En 2011 se uni\u00f3 por primera vez al M\u00e1laga, hasta 2013, cuando firm\u00f3 por el Atl\u00e9tico de Madrid, donde casi no jug\u00f3, y ese mismo a\u00f1o pas\u00f3 al Manchester City ingl\u00e9s, donde estuvo hasta 2016.<\/span><\/p>\n<p><span class=\"text1noticias\"> <\/span><\/p>\n<p><span class=\"text1noticias\">Al principio de esta temporada se uni\u00f3 al Espanyol, pero apenas jug\u00f3 y rescindi\u00f3 su contrato, lo que le permiti\u00f3 unirse al M\u00e1laga en enero.<\/span><\/p>\n<p><span class=\"text1noticias\"> <\/span><\/p>\n<p><span class=\"text1noticias\">El exinternacional argentino estuvo acompa\u00f1ado por el director deportivo blanquiazul, Francesc Arnau, y por todos los miembros del actual plantel malague\u00f1o, incluido el entrenador, Jos\u00e9 Miguel Gonz\u00e1lez <\/span>&#8216;M\u00edchel&#8217;.<\/p>\n<h6> 2017-05-15 13:45:49 <\/h6>\n<p><!--\n<link rel=\"stylesheet\" href=\"css\/bootstrap.min.css\">\n\n\n<ul class=\"pagination\">\n\t    \n\t\n\n<li >\n\t<a href='?page_no=8846'>Previous<\/a>\n\t<\/li>\n\n\n       \n    \n\n<li><a href='?page_no=1'>1<\/a><\/li>\n\n\n\n<li><a href='?page_no=2'>2<\/a><\/li>\n\n\n\n<li><a>...<\/a><\/li>\n\n\n\n<li><a href='?page_no=8845'>8845<\/a><\/li>\n\n\n\n<li><a href='?page_no=8846'>8846<\/a><\/li>\n\n\n\n<li class='active'><a>8847<\/a><\/li>\n\n\n\n<li><a href='?page_no=8848'>8848<\/a><\/li>\n\n\n\n<li><a href='?page_no=8849'>8849<\/a><\/li>\n\n\n\n<li><a>...<\/a><\/li>\n\n\n\n<li><a href='?page_no=36618'>36618<\/a><\/li>\n\n\n\n<li><a href='?page_no=36619'>36619<\/a><\/li>\n\n    \n\t\n\n<li >\n\t<a href='?page_no=8848'>Next<\/a>\n\t<\/li>\n\n\n    \n\n<li><a href='?page_no=36619'>Last &rsaquo;&rsaquo;<\/a><\/li>\n\n<\/ul>\n\n\n--><br \/>\n<\/body><\/p>\n","protected":false},"excerpt":{"rendered":"<p>Madrid, 15 may (PL) El defensa argentino Mart\u00edn Demichelis anunci\u00f3 hoy su retirada como futbolista profesional, a sus 36 a\u00f1os de edad. Como todos bien sabemos, lamentablemente el d\u00eda nos llega a todos. Lo ven\u00eda meditando hace un tiempo porque siempre me preocup\u00e9 much\u00edsimo por lo que es la finalizaci\u00f3n de la carrera como futbolista [&hellip;]<\/p>\n","protected":false},"author":3,"featured_media":0,"comment_status":"open","ping_status":"open","sticky":false,"template":"","format":"standard","meta":{"footnotes":""},"categories":[17],"tags":[],"class_list":["post-209555","post","type-post","status-publish","format-standard","hentry","category-deportes"],"_links":{"self":[{"href":"https:\/\/diariodominicano.com\/index.php?rest_route=\/wp\/v2\/posts\/209555","targetHints":{"allow":["GET"]}}],"collection":[{"href":"https:\/\/diariodominicano.com\/index.php?rest_route=\/wp\/v2\/posts"}],"about":[{"href":"https:\/\/diariodominicano.com\/index.php?rest_route=\/wp\/v2\/types\/post"}],"author":[{"embeddable":true,"href":"https:\/\/diariodominicano.com\/index.php?rest_route=\/wp\/v2\/users\/3"}],"replies":[{"embeddable":true,"href":"https:\/\/diariodominicano.com\/index.php?rest_route=%2Fwp%2Fv2%2Fcomments&post=209555"}],"version-history":[{"count":0,"href":"https:\/\/diariodominicano.com\/index.php?rest_route=\/wp\/v2\/posts\/209555\/revisions"}],"wp:attachment":[{"href":"https:\/\/diariodominicano.com\/index.php?rest_route=%2Fwp%2Fv2%2Fmedia&parent=209555"}],"wp:term":[{"taxonomy":"category","embeddable":true,"href":"https:\/\/diariodominicano.com\/index.php?rest_route=%2Fwp%2Fv2%2Fcategories&post=209555"},{"taxonomy":"post_tag","embeddable":true,"href":"https:\/\/diariodominicano.com\/index.php?rest_route=%2Fwp%2Fv2%2Ftags&post=209555"}],"curies":[{"name":"wp","href":"https:\/\/api.w.org\/{rel}","templated":true}]}}