{"id":209553,"date":"2017-05-15T14:35:16","date_gmt":"2017-05-15T14:35:16","guid":{"rendered":"http:\/\/diariodominicano.ddns.net\/?p=209553"},"modified":"2017-05-15T14:35:16","modified_gmt":"2017-05-15T14:35:16","slug":"nueva-tradicion-de-los-sacos-en-los-yankees-fue-idea-de-carlos-beltran","status":"publish","type":"post","link":"https:\/\/diariodominicano.com\/?p=209553","title":{"rendered":"Nueva tradici\u00f3n de los sacos en los Yankees fue idea de Carlos Beltr\u00e1n"},"content":{"rendered":"<p><body><\/p>\n<p><span class=\"text1noticias\">Por Mark Feinsand \/ MLB.com<\/span><\/p>\n<p><span class=\"text1noticias\"> <\/span><\/p>\n<p><span class=\"text1noticias\">NUEVA YORK &#8212; Pese a jugar menos de tres temporadas con los Yankees, el toletero puertorrique\u00f1o de los Astros, Carlos Beltr\u00e1n, nunca se imagin\u00f3 dejar otra clase de huella en los Bombarderos.<\/span><\/p>\n<p><span class=\"text1noticias\"> <\/span><\/p>\n<p><span class=\"text1noticias\">Como otros nueve miembros que han sido inmortalizados en el Yankee Stadium, Derek Jeter recibi\u00f3 un nuevo saco en el Parque de los Monumentos durante su ceremonia para retirarle el n\u00famero el domingo.<\/span><\/p>\n<p><span class=\"text1noticias\"> <\/span><\/p>\n<p><span class=\"text1noticias\"> Beltr\u00e1n fue el encargado en presentarle el saco a Jeter, porque la idea fue del mismo boricua.<\/span><\/p>\n<p><span class=\"text1noticias\">La temporada pasada, Beltr\u00e1n le present\u00f3 la idea al encargado del clubhouse durante una de varias ceremonias que observ\u00f3 en sus primeros dos a\u00f1os en el Bronx.<\/span><\/p>\n<p><span class=\"text1noticias\"> <\/span><\/p>\n<p><span class=\"text1noticias\">El s\u00e1bado durante un evento privado para celebrar a Jeter, una integrante de la directiva de los Yankees le inform\u00f3 a Beltr\u00e1n que el club decidi\u00f3 presentarles los sacos a los miembros del Parque de los Monumentos.<\/span><\/p>\n<p><span class=\"text1noticias\"> <\/span><\/p>\n<p><span class=\"text1noticias\">\u00abPor un momento ni sab\u00eda de lo que me hablaba\u00bb, reconoci\u00f3 Beltr\u00e1n. \u00abLuego me sorprendi\u00f3 al decirme que yo le presentar\u00eda el saco a Jeter. No s\u00f3lo tuve la oportunidad de jugar con Jeter un a\u00f1o, sino que ahora tuve el privilegio de darle su saco; fue incre\u00edble. Fue especial que me dieran esa oportunidad\u00bb.<\/span><\/p>\n<p><span class=\"text1noticias\"> <\/span><\/p>\n<p><span class=\"text1noticias\">Beltr\u00e1n fue inspirado por los sacos que se entregan a los ganadores del torneo de golf The Masters y los sacos dorados presentados a los miembros del Sal\u00f3n de la Fama de la NFL, adem\u00e1s de los sacos rojos que visten los miembros del Sal\u00f3n de la Fama de los Cardenales durante eventos especiales en el Busch S<\/span>tadium.<\/p>\n<h6> 2017-05-15 14:35:16 <\/h6>\n<p><!--\n<link rel=\"stylesheet\" href=\"css\/bootstrap.min.css\">\n\n\n<ul class=\"pagination\">\n\t    \n\t\n\n<li >\n\t<a href='?page_no=8844'>Previous<\/a>\n\t<\/li>\n\n\n       \n    \n\n<li><a href='?page_no=1'>1<\/a><\/li>\n\n\n\n<li><a href='?page_no=2'>2<\/a><\/li>\n\n\n\n<li><a>...<\/a><\/li>\n\n\n\n<li><a href='?page_no=8843'>8843<\/a><\/li>\n\n\n\n<li><a href='?page_no=8844'>8844<\/a><\/li>\n\n\n\n<li class='active'><a>8845<\/a><\/li>\n\n\n\n<li><a href='?page_no=8846'>8846<\/a><\/li>\n\n\n\n<li><a href='?page_no=8847'>8847<\/a><\/li>\n\n\n\n<li><a>...<\/a><\/li>\n\n\n\n<li><a href='?page_no=36618'>36618<\/a><\/li>\n\n\n\n<li><a href='?page_no=36619'>36619<\/a><\/li>\n\n    \n\t\n\n<li >\n\t<a href='?page_no=8846'>Next<\/a>\n\t<\/li>\n\n\n    \n\n<li><a href='?page_no=36619'>Last &rsaquo;&rsaquo;<\/a><\/li>\n\n<\/ul>\n\n\n--><br \/>\n<\/body><\/p>\n","protected":false},"excerpt":{"rendered":"<p>Por Mark Feinsand \/ MLB.com NUEVA YORK &#8212; Pese a jugar menos de tres temporadas con los Yankees, el toletero puertorrique\u00f1o de los Astros, Carlos Beltr\u00e1n, nunca se imagin\u00f3 dejar otra clase de huella en los Bombarderos. Como otros nueve miembros que han sido inmortalizados en el Yankee Stadium, Derek Jeter recibi\u00f3 un nuevo saco [&hellip;]<\/p>\n","protected":false},"author":3,"featured_media":0,"comment_status":"open","ping_status":"open","sticky":false,"template":"","format":"standard","meta":{"footnotes":""},"categories":[17],"tags":[],"class_list":["post-209553","post","type-post","status-publish","format-standard","hentry","category-deportes"],"_links":{"self":[{"href":"https:\/\/diariodominicano.com\/index.php?rest_route=\/wp\/v2\/posts\/209553","targetHints":{"allow":["GET"]}}],"collection":[{"href":"https:\/\/diariodominicano.com\/index.php?rest_route=\/wp\/v2\/posts"}],"about":[{"href":"https:\/\/diariodominicano.com\/index.php?rest_route=\/wp\/v2\/types\/post"}],"author":[{"embeddable":true,"href":"https:\/\/diariodominicano.com\/index.php?rest_route=\/wp\/v2\/users\/3"}],"replies":[{"embeddable":true,"href":"https:\/\/diariodominicano.com\/index.php?rest_route=%2Fwp%2Fv2%2Fcomments&post=209553"}],"version-history":[{"count":0,"href":"https:\/\/diariodominicano.com\/index.php?rest_route=\/wp\/v2\/posts\/209553\/revisions"}],"wp:attachment":[{"href":"https:\/\/diariodominicano.com\/index.php?rest_route=%2Fwp%2Fv2%2Fmedia&parent=209553"}],"wp:term":[{"taxonomy":"category","embeddable":true,"href":"https:\/\/diariodominicano.com\/index.php?rest_route=%2Fwp%2Fv2%2Fcategories&post=209553"},{"taxonomy":"post_tag","embeddable":true,"href":"https:\/\/diariodominicano.com\/index.php?rest_route=%2Fwp%2Fv2%2Ftags&post=209553"}],"curies":[{"name":"wp","href":"https:\/\/api.w.org\/{rel}","templated":true}]}}