{"id":209546,"date":"2017-05-16T13:30:57","date_gmt":"2017-05-16T13:30:57","guid":{"rendered":"http:\/\/diariodominicano.ddns.net\/?p=209546"},"modified":"2017-05-16T13:30:57","modified_gmt":"2017-05-16T13:30:57","slug":"cuba-con-seis-atletas-a-competencia-en-guadalupe","status":"publish","type":"post","link":"https:\/\/diariodominicano.com\/?p=209546","title":{"rendered":"Cuba con seis atletas a competencia en Guadalupe"},"content":{"rendered":"<p><body><\/p>\n<p><img decoding=\"async\" src=\"img3\/yorgelis-rodriguez.jpg\" \/>  <\/p>\n<p><span class=\"text1noticias\">La Habana, 16 may (PL) Cuba intervendr\u00e1 ma\u00f1ana con seis atletas en la d\u00e9cimotercera edici\u00f3n del meeting internacional de Guadalupe, que forma parte del circuito de siete reuniones organizadas por la Federaci\u00f3n Francesa de la disciplina, se divulg\u00f3 hoy.<\/span><\/p>\n<p><span class=\"text1noticias\"> <\/span><\/p>\n<p><span class=\"text1noticias\">La peque\u00f1a delegaci\u00f3n cubana la integran cuatro atletas clasificados para el certamen universal de septiembre en Londres, como la heptatlonista Yorgelis Rodr\u00edguez, que concursar\u00e1 solamente en salto de altura, el triplista L\u00e1zaro Mart\u00ednez, en busca de superar su mejor registro de la temporada.<\/span><\/p>\n<p><span class=\"text1noticias\"> <\/span><\/p>\n<p><span class=\"text1noticias\">Igualmente competir\u00e1n en el estadio de Baie-Mahault, con capacidad para cinco mil aficionados, la triplista Liadagmis Povea y la corredora de 800 metros Rose Mary Almanza.<\/span><\/p>\n<p><span class=\"text1noticias\"> <\/span><\/p>\n<p><span class=\"text1noticias\">Por su parte, los velocistas Roberto Skyers (100 y 200 metros) y Yoandys Lescay (400 metros) participar\u00e1n con el prop\u00f3sito de obtener registros para acudir a Londres.<\/span><\/p>\n<p><span class=\"text1noticias\"> <\/span><\/p>\n<p><span class=\"text1noticias\">A la lid asisten, entre otros, el balista estadounidense Ryan Crouser, el b\u00f3lido canadiense Andre DeGrasse, la triplista venezolana Yulimar Rojas y el tambi\u00e9n saltador de triple portugu\u00e9s Nelson \u00c9vo<\/span>ra.<\/p>\n<h6> 2017-05-16 13:30:57 <\/h6>\n<p><!--\n<link rel=\"stylesheet\" href=\"css\/bootstrap.min.css\">\n\n\n<ul class=\"pagination\">\n\t    \n\t\n\n<li >\n\t<a href='?page_no=8838'>Previous<\/a>\n\t<\/li>\n\n\n       \n    \n\n<li><a href='?page_no=1'>1<\/a><\/li>\n\n\n\n<li><a href='?page_no=2'>2<\/a><\/li>\n\n\n\n<li><a>...<\/a><\/li>\n\n\n\n<li><a href='?page_no=8837'>8837<\/a><\/li>\n\n\n\n<li><a href='?page_no=8838'>8838<\/a><\/li>\n\n\n\n<li class='active'><a>8839<\/a><\/li>\n\n\n\n<li><a href='?page_no=8840'>8840<\/a><\/li>\n\n\n\n<li><a href='?page_no=8841'>8841<\/a><\/li>\n\n\n\n<li><a>...<\/a><\/li>\n\n\n\n<li><a href='?page_no=36618'>36618<\/a><\/li>\n\n\n\n<li><a href='?page_no=36619'>36619<\/a><\/li>\n\n    \n\t\n\n<li >\n\t<a href='?page_no=8840'>Next<\/a>\n\t<\/li>\n\n\n    \n\n<li><a href='?page_no=36619'>Last &rsaquo;&rsaquo;<\/a><\/li>\n\n<\/ul>\n\n\n--><br \/>\n<\/body><\/p>\n","protected":false},"excerpt":{"rendered":"<p>La Habana, 16 may (PL) Cuba intervendr\u00e1 ma\u00f1ana con seis atletas en la d\u00e9cimotercera edici\u00f3n del meeting internacional de Guadalupe, que forma parte del circuito de siete reuniones organizadas por la Federaci\u00f3n Francesa de la disciplina, se divulg\u00f3 hoy. La peque\u00f1a delegaci\u00f3n cubana la integran cuatro atletas clasificados para el certamen universal de septiembre en [&hellip;]<\/p>\n","protected":false},"author":3,"featured_media":0,"comment_status":"open","ping_status":"open","sticky":false,"template":"","format":"standard","meta":{"footnotes":""},"categories":[17],"tags":[],"class_list":["post-209546","post","type-post","status-publish","format-standard","hentry","category-deportes"],"_links":{"self":[{"href":"https:\/\/diariodominicano.com\/index.php?rest_route=\/wp\/v2\/posts\/209546","targetHints":{"allow":["GET"]}}],"collection":[{"href":"https:\/\/diariodominicano.com\/index.php?rest_route=\/wp\/v2\/posts"}],"about":[{"href":"https:\/\/diariodominicano.com\/index.php?rest_route=\/wp\/v2\/types\/post"}],"author":[{"embeddable":true,"href":"https:\/\/diariodominicano.com\/index.php?rest_route=\/wp\/v2\/users\/3"}],"replies":[{"embeddable":true,"href":"https:\/\/diariodominicano.com\/index.php?rest_route=%2Fwp%2Fv2%2Fcomments&post=209546"}],"version-history":[{"count":0,"href":"https:\/\/diariodominicano.com\/index.php?rest_route=\/wp\/v2\/posts\/209546\/revisions"}],"wp:attachment":[{"href":"https:\/\/diariodominicano.com\/index.php?rest_route=%2Fwp%2Fv2%2Fmedia&parent=209546"}],"wp:term":[{"taxonomy":"category","embeddable":true,"href":"https:\/\/diariodominicano.com\/index.php?rest_route=%2Fwp%2Fv2%2Fcategories&post=209546"},{"taxonomy":"post_tag","embeddable":true,"href":"https:\/\/diariodominicano.com\/index.php?rest_route=%2Fwp%2Fv2%2Ftags&post=209546"}],"curies":[{"name":"wp","href":"https:\/\/api.w.org\/{rel}","templated":true}]}}