{"id":209545,"date":"2017-05-16T13:38:25","date_gmt":"2017-05-16T13:38:25","guid":{"rendered":"http:\/\/diariodominicano.ddns.net\/?p=209545"},"modified":"2017-05-16T13:38:25","modified_gmt":"2017-05-16T13:38:25","slug":"neymar-asegura-que-no-le-obsesiona-el-balon-de-oro","status":"publish","type":"post","link":"https:\/\/diariodominicano.com\/?p=209545","title":{"rendered":"Neymar asegura que no le obsesiona el Bal\u00f3n de Oro"},"content":{"rendered":"<p><body><\/p>\n<p><img decoding=\"async\" src=\"img3\/1Neymar.jpg\" \/>  <\/p>\n<p><span class=\"text1noticias\">Par\u00eds, 16 may (PL) El delantero brasile\u00f1o Neymar da Silva asegur\u00f3 hoy que no le obsesiona la posibilidad de ganar el Bal\u00f3n de Oro, reservado cada a\u00f1o al mejor futbolista del mundo.<\/span><\/p>\n<p><span class=\"text1noticias\"> <\/span><\/p>\n<p><span class=\"text1noticias\">Claro que sue\u00f1o con ser el mejor. Creo que puedo lograrlo, pero con calma y tranquilidad. No tengo prisa, no juego obcecado en esa meta, declar\u00f3 en una entrevista publicada este martes en la revista francesa France Football.<\/span><\/p>\n<p><span class=\"text1noticias\"> <\/span><\/p>\n<p><span class=\"text1noticias\">Neymar, de 25 a\u00f1os, asever\u00f3 que esa posici\u00f3n pertenece a su compa\u00f1ero en el club espa\u00f1ol Barcelona, el argentino Lionel Messi. Lo que quiero es jugar con los mejores del mundo. Y el mejor de todos es Leo (Messi). Me siento bien en mi papel este a\u00f1o, explic\u00f3.<\/span><\/p>\n<p><span class=\"text1noticias\"> <\/span><\/p>\n<p><span class=\"text1noticias\">El atacante suramericano consider\u00f3 que esta temporada es la mejor que ha realizado desde el punto de vista individual en sus cuatro a\u00f1os en el plantel catal\u00e1n, aunque le quedan metas en lo colectivo para cerrar contento.<\/span><\/p>\n<p><span class=\"text1noticias\"> <\/span><\/p>\n<p><span class=\"text1noticias\">Para que este a\u00f1o sea un verdadero \u00e9xito, tenemos que vencer la Liga y la Copa del Rey, coment\u00f3 con respecto a las dos posibilidades de t\u00edtulo que les quedan.<\/span><\/p>\n<p><span class=\"text1noticias\"> <\/span><\/p>\n<p><span class=\"text1noticias\">La Liga no depende totalmente de ellos, pues el Real Madrid est\u00e1 igualado en puntos y tiene un partido menos, pero en la Copa del Rey s\u00ed pueden coronarse gracias a sus propios esfuerzos, en la final del pr\u00f3ximo d\u00eda 27 ante el Alav\u00e9s.<\/span><\/p>\n<p><span class=\"text1noticias\"> <\/span><\/p>\n<p><span class=\"text1noticias\">El habilidoso futbolista analiz\u00f3 el buen momento de su selecci\u00f3n nacional, y atribuy\u00f3 esa mejora al nuevo seleccionador, Tite.<\/span><\/p>\n<p><span class=\"text1noticias\"> <\/span><\/p>\n<p><span class=\"text1noticias\">Con Tite hemos progresado colectivamente. Los jugadores somos m\u00e1s o menos los mismos, solo ha cambiado la forma de jugar. Los jugadores nos sentimos bien, con confianza, co<\/span>ncluy\u00f3.<\/p>\n<h6> 2017-05-16 13:38:25 <\/h6>\n<p><!--\n<link rel=\"stylesheet\" href=\"css\/bootstrap.min.css\">\n\n\n<ul class=\"pagination\">\n\t    \n\t\n\n<li >\n\t<a href='?page_no=8837'>Previous<\/a>\n\t<\/li>\n\n\n       \n    \n\n<li><a href='?page_no=1'>1<\/a><\/li>\n\n\n\n<li><a href='?page_no=2'>2<\/a><\/li>\n\n\n\n<li><a>...<\/a><\/li>\n\n\n\n<li><a href='?page_no=8836'>8836<\/a><\/li>\n\n\n\n<li><a href='?page_no=8837'>8837<\/a><\/li>\n\n\n\n<li class='active'><a>8838<\/a><\/li>\n\n\n\n<li><a href='?page_no=8839'>8839<\/a><\/li>\n\n\n\n<li><a href='?page_no=8840'>8840<\/a><\/li>\n\n\n\n<li><a>...<\/a><\/li>\n\n\n\n<li><a href='?page_no=36618'>36618<\/a><\/li>\n\n\n\n<li><a href='?page_no=36619'>36619<\/a><\/li>\n\n    \n\t\n\n<li >\n\t<a href='?page_no=8839'>Next<\/a>\n\t<\/li>\n\n\n    \n\n<li><a href='?page_no=36619'>Last &rsaquo;&rsaquo;<\/a><\/li>\n\n<\/ul>\n\n\n--><br \/>\n<\/body><\/p>\n","protected":false},"excerpt":{"rendered":"<p>Par\u00eds, 16 may (PL) El delantero brasile\u00f1o Neymar da Silva asegur\u00f3 hoy que no le obsesiona la posibilidad de ganar el Bal\u00f3n de Oro, reservado cada a\u00f1o al mejor futbolista del mundo. Claro que sue\u00f1o con ser el mejor. Creo que puedo lograrlo, pero con calma y tranquilidad. No tengo prisa, no juego obcecado en [&hellip;]<\/p>\n","protected":false},"author":3,"featured_media":0,"comment_status":"open","ping_status":"open","sticky":false,"template":"","format":"standard","meta":{"footnotes":""},"categories":[17],"tags":[],"class_list":["post-209545","post","type-post","status-publish","format-standard","hentry","category-deportes"],"_links":{"self":[{"href":"https:\/\/diariodominicano.com\/index.php?rest_route=\/wp\/v2\/posts\/209545","targetHints":{"allow":["GET"]}}],"collection":[{"href":"https:\/\/diariodominicano.com\/index.php?rest_route=\/wp\/v2\/posts"}],"about":[{"href":"https:\/\/diariodominicano.com\/index.php?rest_route=\/wp\/v2\/types\/post"}],"author":[{"embeddable":true,"href":"https:\/\/diariodominicano.com\/index.php?rest_route=\/wp\/v2\/users\/3"}],"replies":[{"embeddable":true,"href":"https:\/\/diariodominicano.com\/index.php?rest_route=%2Fwp%2Fv2%2Fcomments&post=209545"}],"version-history":[{"count":0,"href":"https:\/\/diariodominicano.com\/index.php?rest_route=\/wp\/v2\/posts\/209545\/revisions"}],"wp:attachment":[{"href":"https:\/\/diariodominicano.com\/index.php?rest_route=%2Fwp%2Fv2%2Fmedia&parent=209545"}],"wp:term":[{"taxonomy":"category","embeddable":true,"href":"https:\/\/diariodominicano.com\/index.php?rest_route=%2Fwp%2Fv2%2Fcategories&post=209545"},{"taxonomy":"post_tag","embeddable":true,"href":"https:\/\/diariodominicano.com\/index.php?rest_route=%2Fwp%2Fv2%2Ftags&post=209545"}],"curies":[{"name":"wp","href":"https:\/\/api.w.org\/{rel}","templated":true}]}}