{"id":209542,"date":"2017-05-16T14:23:39","date_gmt":"2017-05-16T14:23:39","guid":{"rendered":"http:\/\/diariodominicano.ddns.net\/?p=209542"},"modified":"2017-05-16T14:23:39","modified_gmt":"2017-05-16T14:23:39","slug":"yoenis-cespedes-podria-volver-con-mets-en-una-semana","status":"publish","type":"post","link":"https:\/\/diariodominicano.com\/?p=209542","title":{"rendered":"Yoenis C\u00e9spedes podr\u00eda volver con Mets en una semana"},"content":{"rendered":"<p><body><\/p>\n<p><img decoding=\"async\" src=\"img3\/cesp16.jpg\" \/>  <\/p>\n<p><span class=\"text1noticias\">PHOENIX, 16 de masyo, 2017.- Yoenis C\u00e9spedes, cuya corva izquierda lo ha mantenido fuera de acci\u00f3n durante unas tres semanas, podr\u00eda volver al lineup de los Mets la pr\u00f3xima semana.<\/span><\/p>\n<p><span class=\"text1noticias\"> <\/span><\/p>\n<p><span class=\"text1noticias\">El cubano est\u00e1 programado para empezar a correr esta semana. Despu\u00e9s de varios d\u00edas de dicho ejercicio, la gerencia de los Mets decidir\u00eda si C\u00e9spedes necesitar\u00eda un juego o dos de liga menor para prepararse.<\/span><\/p>\n<p><span class=\"text1noticias\"> <\/span><\/p>\n<p><span class=\"text1noticias\">Uno de los mejores bateadores de los Mets en abril, C\u00e9spedes bateaba .270 con seis jonrones en 18 partidos antes de sufrir un tir\u00f3n en la corva el 27 de abril<\/span>.<\/p>\n<h6> 2017-05-16 14:23:39 <\/h6>\n<p><!--\n<link rel=\"stylesheet\" href=\"css\/bootstrap.min.css\">\n\n\n<ul class=\"pagination\">\n\t    \n\t\n\n<li >\n\t<a href='?page_no=8834'>Previous<\/a>\n\t<\/li>\n\n\n       \n    \n\n<li><a href='?page_no=1'>1<\/a><\/li>\n\n\n\n<li><a href='?page_no=2'>2<\/a><\/li>\n\n\n\n<li><a>...<\/a><\/li>\n\n\n\n<li><a href='?page_no=8833'>8833<\/a><\/li>\n\n\n\n<li><a href='?page_no=8834'>8834<\/a><\/li>\n\n\n\n<li class='active'><a>8835<\/a><\/li>\n\n\n\n<li><a href='?page_no=8836'>8836<\/a><\/li>\n\n\n\n<li><a href='?page_no=8837'>8837<\/a><\/li>\n\n\n\n<li><a>...<\/a><\/li>\n\n\n\n<li><a href='?page_no=36618'>36618<\/a><\/li>\n\n\n\n<li><a href='?page_no=36619'>36619<\/a><\/li>\n\n    \n\t\n\n<li >\n\t<a href='?page_no=8836'>Next<\/a>\n\t<\/li>\n\n\n    \n\n<li><a href='?page_no=36619'>Last &rsaquo;&rsaquo;<\/a><\/li>\n\n<\/ul>\n\n\n--><br \/>\n<\/body><\/p>\n","protected":false},"excerpt":{"rendered":"<p>PHOENIX, 16 de masyo, 2017.- Yoenis C\u00e9spedes, cuya corva izquierda lo ha mantenido fuera de acci\u00f3n durante unas tres semanas, podr\u00eda volver al lineup de los Mets la pr\u00f3xima semana. El cubano est\u00e1 programado para empezar a correr esta semana. Despu\u00e9s de varios d\u00edas de dicho ejercicio, la gerencia de los Mets decidir\u00eda si C\u00e9spedes [&hellip;]<\/p>\n","protected":false},"author":3,"featured_media":0,"comment_status":"open","ping_status":"open","sticky":false,"template":"","format":"standard","meta":{"footnotes":""},"categories":[17],"tags":[],"class_list":["post-209542","post","type-post","status-publish","format-standard","hentry","category-deportes"],"_links":{"self":[{"href":"https:\/\/diariodominicano.com\/index.php?rest_route=\/wp\/v2\/posts\/209542","targetHints":{"allow":["GET"]}}],"collection":[{"href":"https:\/\/diariodominicano.com\/index.php?rest_route=\/wp\/v2\/posts"}],"about":[{"href":"https:\/\/diariodominicano.com\/index.php?rest_route=\/wp\/v2\/types\/post"}],"author":[{"embeddable":true,"href":"https:\/\/diariodominicano.com\/index.php?rest_route=\/wp\/v2\/users\/3"}],"replies":[{"embeddable":true,"href":"https:\/\/diariodominicano.com\/index.php?rest_route=%2Fwp%2Fv2%2Fcomments&post=209542"}],"version-history":[{"count":0,"href":"https:\/\/diariodominicano.com\/index.php?rest_route=\/wp\/v2\/posts\/209542\/revisions"}],"wp:attachment":[{"href":"https:\/\/diariodominicano.com\/index.php?rest_route=%2Fwp%2Fv2%2Fmedia&parent=209542"}],"wp:term":[{"taxonomy":"category","embeddable":true,"href":"https:\/\/diariodominicano.com\/index.php?rest_route=%2Fwp%2Fv2%2Fcategories&post=209542"},{"taxonomy":"post_tag","embeddable":true,"href":"https:\/\/diariodominicano.com\/index.php?rest_route=%2Fwp%2Fv2%2Ftags&post=209542"}],"curies":[{"name":"wp","href":"https:\/\/api.w.org\/{rel}","templated":true}]}}