{"id":209535,"date":"2017-05-17T15:16:52","date_gmt":"2017-05-17T15:16:52","guid":{"rendered":"http:\/\/diariodominicano.ddns.net\/?p=209535"},"modified":"2017-05-17T15:16:52","modified_gmt":"2017-05-17T15:16:52","slug":"colombiano-quintana-conserva-sublideratro-en-giro-de-italia","status":"publish","type":"post","link":"https:\/\/diariodominicano.com\/?p=209535","title":{"rendered":"Colombiano Quintana conserva sublideratro en Giro de Italia"},"content":{"rendered":"<p><body><\/p>\n<p><img decoding=\"async\" src=\"img3\/nairo-quintana17.jpg\" \/>  <\/p>\n<p><span class=\"text1noticias\">Bagno di Romagna, Italia, 17 may (PL) El ciclista colombiano Nairo Quintana mantuvo hoy el subliderato en el Giro de Italia-2017, tras la disputa de la und\u00e9cima etapa.<\/span><\/p>\n<p><span class=\"text1noticias\"> <\/span><\/p>\n<p><span class=\"text1noticias\">Quintana entr\u00f3 junto al pelot\u00f3n donde estaban los punteros, y no pudo rebajar los dos minutos y 23 segundos que lo separan del ocupante de la primera posici\u00f3n, el holand\u00e9s Tom Dumoulin.<\/span><\/p>\n<p><span class=\"text1noticias\"> <\/span><\/p>\n<p><span class=\"text1noticias\">Por su parte, el costarricense Andrey Amador, uno de los animadores del pasado a\u00f1o, escal\u00f3 de la novena a la sexta casilla, a 3:05 minutos de Dumoulin.<\/span><\/p>\n<p><span class=\"text1noticias\"> <\/span><\/p>\n<p><span class=\"text1noticias\">El espa\u00f1ol Omar Fraile se impuso en solitario este mi\u00e9rcoles en el segmento de 161 kil\u00f3metros disputado entre Florencia y Bagno di Romagna, con un tiempo de cuatro horas, 23 minutos y 14 segundos.<\/span><\/p>\n<p><span class=\"text1noticias\"> <\/span><\/p>\n<p><span class=\"text1noticias\">Fraile, de 26 a\u00f1os y dos veces rey de la monta\u00f1a en la Vuelta a Espa\u00f1a, cruz\u00f3 la l\u00ednea por delante del portugu\u00e9s Rui Costa y del franc\u00e9s Pierre Rolland, todos con el mismo crono del ganador.<\/span><\/p>\n<p><span class=\"text1noticias\"> <\/span><\/p>\n<p><span class=\"text1noticias\">La duod\u00e9cima etapa llevar\u00e1 ma\u00f1ana al pelot\u00f3n desde Forlia a Reggio Emilia, en un tramo de 229 kil\u00f3metros, el m\u00e1s largo del Giro del Centenario.<\/span><\/p>\n<p><span class=\"text1noticias\"> <\/span><\/p>\n<p><span class=\"text1noticias\">Clasificaci\u00f3n de la etapa: <\/span><\/p>\n<p><span class=\"text1noticias\"> <\/span><\/p>\n<p><span class=\"text1noticias\">.1. Omar Fraile (ESP\/Dimension Data) 4 h 23:14 <\/span><\/p>\n<p><span class=\"text1noticias\"> <\/span><\/p>\n<p><span class=\"text1noticias\">.2. Rui Alberto Costa (POR\/UAE Team Emirates) m.t.<\/span><\/p>\n<p><span class=\"text1noticias\"> <\/span><\/p>\n<p><span class=\"text1noticias\">.3. Pierre Rolland (FRA\/Cannondale-Drapac) m.t.<\/span><\/p>\n<p><span class=\"text1noticias\"> <\/span><\/p>\n<p><span class=\"text1noticias\">.4. Tanel Kangert (EST\/Astana) m.t.<\/span><\/p>\n<p><span class=\"text1noticias\"> <\/span><\/p>\n<p><span class=\"text1noticias\">.5. Giovanni Visconti (ITA\/Bahrain-Merida) m.t.<\/span><\/p>\n<p><span class=\"text1noticias\"> <\/span><\/p>\n<p><span class=\"text1noticias\">Clasificaci\u00f3n general: <\/span><\/p>\n<p><span class=\"text1noticias\"> <\/span><\/p>\n<p><span class=\"text1noticias\">.1. Tom Dumoulin (HOL\/Sunweb) 47 h 22:07 <\/span><\/p>\n<p><span class=\"text1noticias\"> <\/span><\/p>\n<p><span class=\"text1noticias\">.2. Nairo Quintana (COL\/MOVISTAR) a 2:23 <\/span><\/p>\n<p><span class=\"text1noticias\"> <\/span><\/p>\n<p><span class=\"text1noticias\">.3. Bauke Mollema (HOL\/Trek-Segafredo) a 2:38 <\/span><\/p>\n<p><span class=\"text1noticias\"> <\/span><\/p>\n<p><span class=\"text1noticias\">.4. Thibaut Pinot (FRA\/FDJ) a 2:40 <\/span><\/p>\n<p><span class=\"text1noticias\"> <\/span><\/p>\n<p><span class=\"text1noticias\">.5. Vincenzo Nibali (ITA\/Bahrai<\/span>n-Merida) a 2:47.<\/p>\n<h6> 2017-05-17 15:16:52 <\/h6>\n<p><!--\n<link rel=\"stylesheet\" href=\"css\/bootstrap.min.css\">\n\n\n<ul class=\"pagination\">\n\t    \n\t\n\n<li >\n\t<a href='?page_no=8828'>Previous<\/a>\n\t<\/li>\n\n\n       \n    \n\n<li><a href='?page_no=1'>1<\/a><\/li>\n\n\n\n<li><a href='?page_no=2'>2<\/a><\/li>\n\n\n\n<li><a>...<\/a><\/li>\n\n\n\n<li><a href='?page_no=8827'>8827<\/a><\/li>\n\n\n\n<li><a href='?page_no=8828'>8828<\/a><\/li>\n\n\n\n<li class='active'><a>8829<\/a><\/li>\n\n\n\n<li><a href='?page_no=8830'>8830<\/a><\/li>\n\n\n\n<li><a href='?page_no=8831'>8831<\/a><\/li>\n\n\n\n<li><a>...<\/a><\/li>\n\n\n\n<li><a href='?page_no=36618'>36618<\/a><\/li>\n\n\n\n<li><a href='?page_no=36619'>36619<\/a><\/li>\n\n    \n\t\n\n<li >\n\t<a href='?page_no=8830'>Next<\/a>\n\t<\/li>\n\n\n    \n\n<li><a href='?page_no=36619'>Last &rsaquo;&rsaquo;<\/a><\/li>\n\n<\/ul>\n\n\n--><br \/>\n<\/body><\/p>\n","protected":false},"excerpt":{"rendered":"<p>Bagno di Romagna, Italia, 17 may (PL) El ciclista colombiano Nairo Quintana mantuvo hoy el subliderato en el Giro de Italia-2017, tras la disputa de la und\u00e9cima etapa. Quintana entr\u00f3 junto al pelot\u00f3n donde estaban los punteros, y no pudo rebajar los dos minutos y 23 segundos que lo separan del ocupante de la primera [&hellip;]<\/p>\n","protected":false},"author":3,"featured_media":0,"comment_status":"open","ping_status":"open","sticky":false,"template":"","format":"standard","meta":{"footnotes":""},"categories":[17],"tags":[],"class_list":["post-209535","post","type-post","status-publish","format-standard","hentry","category-deportes"],"_links":{"self":[{"href":"https:\/\/diariodominicano.com\/index.php?rest_route=\/wp\/v2\/posts\/209535","targetHints":{"allow":["GET"]}}],"collection":[{"href":"https:\/\/diariodominicano.com\/index.php?rest_route=\/wp\/v2\/posts"}],"about":[{"href":"https:\/\/diariodominicano.com\/index.php?rest_route=\/wp\/v2\/types\/post"}],"author":[{"embeddable":true,"href":"https:\/\/diariodominicano.com\/index.php?rest_route=\/wp\/v2\/users\/3"}],"replies":[{"embeddable":true,"href":"https:\/\/diariodominicano.com\/index.php?rest_route=%2Fwp%2Fv2%2Fcomments&post=209535"}],"version-history":[{"count":0,"href":"https:\/\/diariodominicano.com\/index.php?rest_route=\/wp\/v2\/posts\/209535\/revisions"}],"wp:attachment":[{"href":"https:\/\/diariodominicano.com\/index.php?rest_route=%2Fwp%2Fv2%2Fmedia&parent=209535"}],"wp:term":[{"taxonomy":"category","embeddable":true,"href":"https:\/\/diariodominicano.com\/index.php?rest_route=%2Fwp%2Fv2%2Fcategories&post=209535"},{"taxonomy":"post_tag","embeddable":true,"href":"https:\/\/diariodominicano.com\/index.php?rest_route=%2Fwp%2Fv2%2Ftags&post=209535"}],"curies":[{"name":"wp","href":"https:\/\/api.w.org\/{rel}","templated":true}]}}