{"id":209534,"date":"2017-05-17T15:22:52","date_gmt":"2017-05-17T15:22:52","guid":{"rendered":"http:\/\/diariodominicano.ddns.net\/?p=209534"},"modified":"2017-05-17T15:22:52","modified_gmt":"2017-05-17T15:22:52","slug":"trofeo-de-liga-de-campeones-y-liga-europa-se-entregara-en-el-cesped","status":"publish","type":"post","link":"https:\/\/diariodominicano.com\/?p=209534","title":{"rendered":"Trofeo de Liga de Campeones y Liga Europa se entregar\u00e1 en el c\u00e9sped"},"content":{"rendered":"<p><body><\/p>\n<p><img decoding=\"async\" src=\"img3\/uefa17.jpg\" \/>  <\/p>\n<p><span class=\"text1noticias\">Nyon, Suiza, 17 may (PL) Al contrario de la tradici\u00f3n, desde este a\u00f1o los trofeos de la Liga de Campeones y de la Liga Europa se entregar\u00e1n sobre el mismo terreno de juego, inform\u00f3 hoy la Asociaci\u00f3n Europea de F\u00fatbol (UEFA).<\/span><\/p>\n<p><span class=\"text1noticias\"> <\/span><\/p>\n<p><span class=\"text1noticias\">El campo es el escenario de los jugadores y tiene sentido que sus logros se celebren ah\u00ed, indic\u00f3 el presidente de la UEFA, el esloveno Aleksander Ceferin.<\/span><\/p>\n<p><span class=\"text1noticias\"> <\/span><\/p>\n<p><span class=\"text1noticias\">Seg\u00fan el directivo, tiene sentido que los dirigentes bajen al campo desde la grada para reunirse con los jugadores y que les rindan tributo entregando el trofeo y las medallas en la superficie de juego.<\/span><\/p>\n<p><span class=\"text1noticias\"> <\/span><\/p>\n<p><span class=\"text1noticias\">Por tanto, los galardones de este a\u00f1o ser\u00e1n entregados por Ceferin en el terreno a los capitanes campeones en las finales de la Liga Europa (24 de mayo), la Liga de Campeones femenina (1 de junio), y la Liga de Campeones masculina (3 de junio).<\/span><\/p>\n<p><span class=\"text1noticias\"> <\/span><\/p>\n<p><span class=\"text1noticias\">Para ello se han fabricado unos escenarios para estos actos que tendr\u00e1n lugar en las tres sedes, y su montaje se realiza en menos de cinco minutos, explic\u00f3 el m\u00e1ximo organismo futbol\u00edstico europeo.<\/span><\/p>\n<p><span class=\"text1noticias\"> <\/span><\/p>\n<p><span class=\"text1noticias\">Los jugadores podr\u00e1n celebrar el t\u00edtulo con sus compa\u00f1eros sobre el campo a la vista de todos los aficionados sin la interrupci\u00f3n de tener que subir a la grada, a\u00f1adi\u00f3 el directivo.<\/span><\/p>\n<p><span class=\"text1noticias\"> <\/span><\/p>\n<p><span class=\"text1noticias\">De acuerdo con la nota, a partir de ahora esta ser\u00e1 una pr\u00e1ctica habitual para todas las competiciones de clubes y selecciones de la<\/span> UEFA.<\/p>\n<h6> 2017-05-17 15:22:52 <\/h6>\n<p><!--\n<link rel=\"stylesheet\" href=\"css\/bootstrap.min.css\">\n\n\n<ul class=\"pagination\">\n\t    \n\t\n\n<li >\n\t<a href='?page_no=8827'>Previous<\/a>\n\t<\/li>\n\n\n       \n    \n\n<li><a href='?page_no=1'>1<\/a><\/li>\n\n\n\n<li><a href='?page_no=2'>2<\/a><\/li>\n\n\n\n<li><a>...<\/a><\/li>\n\n\n\n<li><a href='?page_no=8826'>8826<\/a><\/li>\n\n\n\n<li><a href='?page_no=8827'>8827<\/a><\/li>\n\n\n\n<li class='active'><a>8828<\/a><\/li>\n\n\n\n<li><a href='?page_no=8829'>8829<\/a><\/li>\n\n\n\n<li><a href='?page_no=8830'>8830<\/a><\/li>\n\n\n\n<li><a>...<\/a><\/li>\n\n\n\n<li><a href='?page_no=36618'>36618<\/a><\/li>\n\n\n\n<li><a href='?page_no=36619'>36619<\/a><\/li>\n\n    \n\t\n\n<li >\n\t<a href='?page_no=8829'>Next<\/a>\n\t<\/li>\n\n\n    \n\n<li><a href='?page_no=36619'>Last &rsaquo;&rsaquo;<\/a><\/li>\n\n<\/ul>\n\n\n--><br \/>\n<\/body><\/p>\n","protected":false},"excerpt":{"rendered":"<p>Nyon, Suiza, 17 may (PL) Al contrario de la tradici\u00f3n, desde este a\u00f1o los trofeos de la Liga de Campeones y de la Liga Europa se entregar\u00e1n sobre el mismo terreno de juego, inform\u00f3 hoy la Asociaci\u00f3n Europea de F\u00fatbol (UEFA). El campo es el escenario de los jugadores y tiene sentido que sus logros [&hellip;]<\/p>\n","protected":false},"author":3,"featured_media":0,"comment_status":"open","ping_status":"open","sticky":false,"template":"","format":"standard","meta":{"footnotes":""},"categories":[17],"tags":[],"class_list":["post-209534","post","type-post","status-publish","format-standard","hentry","category-deportes"],"_links":{"self":[{"href":"https:\/\/diariodominicano.com\/index.php?rest_route=\/wp\/v2\/posts\/209534","targetHints":{"allow":["GET"]}}],"collection":[{"href":"https:\/\/diariodominicano.com\/index.php?rest_route=\/wp\/v2\/posts"}],"about":[{"href":"https:\/\/diariodominicano.com\/index.php?rest_route=\/wp\/v2\/types\/post"}],"author":[{"embeddable":true,"href":"https:\/\/diariodominicano.com\/index.php?rest_route=\/wp\/v2\/users\/3"}],"replies":[{"embeddable":true,"href":"https:\/\/diariodominicano.com\/index.php?rest_route=%2Fwp%2Fv2%2Fcomments&post=209534"}],"version-history":[{"count":0,"href":"https:\/\/diariodominicano.com\/index.php?rest_route=\/wp\/v2\/posts\/209534\/revisions"}],"wp:attachment":[{"href":"https:\/\/diariodominicano.com\/index.php?rest_route=%2Fwp%2Fv2%2Fmedia&parent=209534"}],"wp:term":[{"taxonomy":"category","embeddable":true,"href":"https:\/\/diariodominicano.com\/index.php?rest_route=%2Fwp%2Fv2%2Fcategories&post=209534"},{"taxonomy":"post_tag","embeddable":true,"href":"https:\/\/diariodominicano.com\/index.php?rest_route=%2Fwp%2Fv2%2Ftags&post=209534"}],"curies":[{"name":"wp","href":"https:\/\/api.w.org\/{rel}","templated":true}]}}