{"id":209530,"date":"2017-05-17T15:44:39","date_gmt":"2017-05-17T15:44:39","guid":{"rendered":"http:\/\/diariodominicano.ddns.net\/?p=209530"},"modified":"2017-05-17T15:44:39","modified_gmt":"2017-05-17T15:44:39","slug":"abraham-almonte-perdera-entre-tres-y-cinco-semanas-por-lesion","status":"publish","type":"post","link":"https:\/\/diariodominicano.com\/?p=209530","title":{"rendered":"Abraham Almonte perder\u00e1 entre tres y cinco semanas por lesi\u00f3n"},"content":{"rendered":"<p><body><\/p>\n<p><span class=\"text1noticias\">Por William Kosileski \/ MLB.com <\/span><\/p>\n<p><span class=\"text1noticias\"> <\/span><\/p>\n<p><span class=\"text1noticias\">CLEVELAND<\/span>, 17 de mayo, 2017.-<span class=\"text1noticias\"> Los Indios anunciaron el mi\u00e9rcoles que el jardinero dominicano Abraham Almonte perder\u00e1 entre tres y cinco semanas debido a un esguince en el b\u00edceps derecho.<\/span><\/p>\n<p><span class=\"text1noticias\"> <\/span><\/p>\n<p><span class=\"text1noticias\">Almonte abandon\u00f3 el partido de Cleveland ante Tampa Bay el lunes y fue puesto en la lista de incapacitados el martes. Ex\u00e1menes adicionales y un an\u00e1lisis de resonancia magn\u00e9tica confirmaron la lesi\u00f3n.<\/span><\/p>\n<p><span class=\"text1noticias\"> <\/span><\/p>\n<p><span class=\"text1noticias\">En 86 turnos al bate por la Tribu esta temporada, Almonte ha conectado 19 imparables, incluyendo tres dobles, dos triples y un cuadrangular, a la vez que ha remolcado seis carrer<\/span>as.<\/p>\n<h6> 2017-05-17 15:44:39 <\/h6>\n<p><!--\n<link rel=\"stylesheet\" href=\"css\/bootstrap.min.css\">\n\n\n<ul class=\"pagination\">\n\t    \n\t\n\n<li >\n\t<a href='?page_no=8823'>Previous<\/a>\n\t<\/li>\n\n\n       \n    \n\n<li><a href='?page_no=1'>1<\/a><\/li>\n\n\n\n<li><a href='?page_no=2'>2<\/a><\/li>\n\n\n\n<li><a>...<\/a><\/li>\n\n\n\n<li><a href='?page_no=8822'>8822<\/a><\/li>\n\n\n\n<li><a href='?page_no=8823'>8823<\/a><\/li>\n\n\n\n<li class='active'><a>8824<\/a><\/li>\n\n\n\n<li><a href='?page_no=8825'>8825<\/a><\/li>\n\n\n\n<li><a href='?page_no=8826'>8826<\/a><\/li>\n\n\n\n<li><a>...<\/a><\/li>\n\n\n\n<li><a href='?page_no=36618'>36618<\/a><\/li>\n\n\n\n<li><a href='?page_no=36619'>36619<\/a><\/li>\n\n    \n\t\n\n<li >\n\t<a href='?page_no=8825'>Next<\/a>\n\t<\/li>\n\n\n    \n\n<li><a href='?page_no=36619'>Last &rsaquo;&rsaquo;<\/a><\/li>\n\n<\/ul>\n\n\n--><br \/>\n<\/body><\/p>\n","protected":false},"excerpt":{"rendered":"<p>Por William Kosileski \/ MLB.com CLEVELAND, 17 de mayo, 2017.- Los Indios anunciaron el mi\u00e9rcoles que el jardinero dominicano Abraham Almonte perder\u00e1 entre tres y cinco semanas debido a un esguince en el b\u00edceps derecho. Almonte abandon\u00f3 el partido de Cleveland ante Tampa Bay el lunes y fue puesto en la lista de incapacitados el [&hellip;]<\/p>\n","protected":false},"author":3,"featured_media":0,"comment_status":"open","ping_status":"open","sticky":false,"template":"","format":"standard","meta":{"footnotes":""},"categories":[17],"tags":[],"class_list":["post-209530","post","type-post","status-publish","format-standard","hentry","category-deportes"],"_links":{"self":[{"href":"https:\/\/diariodominicano.com\/index.php?rest_route=\/wp\/v2\/posts\/209530","targetHints":{"allow":["GET"]}}],"collection":[{"href":"https:\/\/diariodominicano.com\/index.php?rest_route=\/wp\/v2\/posts"}],"about":[{"href":"https:\/\/diariodominicano.com\/index.php?rest_route=\/wp\/v2\/types\/post"}],"author":[{"embeddable":true,"href":"https:\/\/diariodominicano.com\/index.php?rest_route=\/wp\/v2\/users\/3"}],"replies":[{"embeddable":true,"href":"https:\/\/diariodominicano.com\/index.php?rest_route=%2Fwp%2Fv2%2Fcomments&post=209530"}],"version-history":[{"count":0,"href":"https:\/\/diariodominicano.com\/index.php?rest_route=\/wp\/v2\/posts\/209530\/revisions"}],"wp:attachment":[{"href":"https:\/\/diariodominicano.com\/index.php?rest_route=%2Fwp%2Fv2%2Fmedia&parent=209530"}],"wp:term":[{"taxonomy":"category","embeddable":true,"href":"https:\/\/diariodominicano.com\/index.php?rest_route=%2Fwp%2Fv2%2Fcategories&post=209530"},{"taxonomy":"post_tag","embeddable":true,"href":"https:\/\/diariodominicano.com\/index.php?rest_route=%2Fwp%2Fv2%2Ftags&post=209530"}],"curies":[{"name":"wp","href":"https:\/\/api.w.org\/{rel}","templated":true}]}}