{"id":209523,"date":"2017-05-18T14:28:42","date_gmt":"2017-05-18T14:28:42","guid":{"rendered":"http:\/\/diariodominicano.ddns.net\/?p=209523"},"modified":"2017-05-18T14:28:42","modified_gmt":"2017-05-18T14:28:42","slug":"adalberto-mejia-podria-abrir-por-los-mellizos-el-sabado","status":"publish","type":"post","link":"https:\/\/diariodominicano.com\/?p=209523","title":{"rendered":"Adalberto Mej\u00eda podr\u00eda abrir por los Mellizos el s\u00e1bado"},"content":{"rendered":"<p><body><\/p>\n<p><img decoding=\"async\" src=\"img3\/mejia.jpg\" \/>  <\/p>\n<p><span class=\"text1noticias\">Por Rhett Bollinger \/ MLB.com<\/span><\/p>\n<p><span class=\"text1noticias\"> <\/span><\/p>\n<p><span class=\"text1noticias\">MINNEAPOLIS &#8212; El zurdo dominicano Adalberto Mej\u00eda ser\u00eda ascendido desde Triple-A Rochester para posiblemente abrir por los Mellizos el s\u00e1bado contra los Reales.<\/span><\/p>\n<p><span class=\"text1noticias\"> <\/span><\/p>\n<p><span class=\"text1noticias\">Minnesota necesita un quinto abridor para el segundo encuentro de la serie contra Kansas City y luego de su doble cartelera del pr\u00f3ximo jueves contra los Rockies. Necesitar\u00e1n otro abridor para el arranque de la serie contra los Orioles.<\/span><\/p>\n<p><span class=\"text1noticias\"> <\/span><\/p>\n<p><span class=\"text1noticias\">Mej\u00eda, el prospecto No. 8 del equipo seg\u00fan MLBPipeline.com, sali\u00f3 de su presentaci\u00f3n por Rochester el martes despu\u00e9s de tres entradas en blanco y 33 lanzamientos para permitirle tirar con poco descanso el s\u00e1bado.<\/span><\/p>\n<p><span class=\"text1noticias\"> <\/span><\/p>\n<p><span class=\"text1noticias\">\u00abProbablemente sea Mej\u00eda el s\u00e1bado\u00bb, declar\u00f3 el dirigente de los Mellizos, Paul Molitor. \u00abPor ahora \u00e9se es nuestro plan. Pero podr\u00eda cambiar. Pero por eso tuvo una corta salida el otro d<\/span>\u00eda\u00bb.<\/p>\n<h6> 2017-05-18 14:28:42 <\/h6>\n<p><!--\n<link rel=\"stylesheet\" href=\"css\/bootstrap.min.css\">\n\n\n<ul class=\"pagination\">\n\t    \n\t\n\n<li >\n\t<a href='?page_no=8817'>Previous<\/a>\n\t<\/li>\n\n\n       \n    \n\n<li><a href='?page_no=1'>1<\/a><\/li>\n\n\n\n<li><a href='?page_no=2'>2<\/a><\/li>\n\n\n\n<li><a>...<\/a><\/li>\n\n\n\n<li><a href='?page_no=8816'>8816<\/a><\/li>\n\n\n\n<li><a href='?page_no=8817'>8817<\/a><\/li>\n\n\n\n<li class='active'><a>8818<\/a><\/li>\n\n\n\n<li><a href='?page_no=8819'>8819<\/a><\/li>\n\n\n\n<li><a href='?page_no=8820'>8820<\/a><\/li>\n\n\n\n<li><a>...<\/a><\/li>\n\n\n\n<li><a href='?page_no=36618'>36618<\/a><\/li>\n\n\n\n<li><a href='?page_no=36619'>36619<\/a><\/li>\n\n    \n\t\n\n<li >\n\t<a href='?page_no=8819'>Next<\/a>\n\t<\/li>\n\n\n    \n\n<li><a href='?page_no=36619'>Last &rsaquo;&rsaquo;<\/a><\/li>\n\n<\/ul>\n\n\n--><br \/>\n<\/body><\/p>\n","protected":false},"excerpt":{"rendered":"<p>Por Rhett Bollinger \/ MLB.com MINNEAPOLIS &#8212; El zurdo dominicano Adalberto Mej\u00eda ser\u00eda ascendido desde Triple-A Rochester para posiblemente abrir por los Mellizos el s\u00e1bado contra los Reales. Minnesota necesita un quinto abridor para el segundo encuentro de la serie contra Kansas City y luego de su doble cartelera del pr\u00f3ximo jueves contra los Rockies. [&hellip;]<\/p>\n","protected":false},"author":3,"featured_media":0,"comment_status":"open","ping_status":"open","sticky":false,"template":"","format":"standard","meta":{"footnotes":""},"categories":[17],"tags":[],"class_list":["post-209523","post","type-post","status-publish","format-standard","hentry","category-deportes"],"_links":{"self":[{"href":"https:\/\/diariodominicano.com\/index.php?rest_route=\/wp\/v2\/posts\/209523","targetHints":{"allow":["GET"]}}],"collection":[{"href":"https:\/\/diariodominicano.com\/index.php?rest_route=\/wp\/v2\/posts"}],"about":[{"href":"https:\/\/diariodominicano.com\/index.php?rest_route=\/wp\/v2\/types\/post"}],"author":[{"embeddable":true,"href":"https:\/\/diariodominicano.com\/index.php?rest_route=\/wp\/v2\/users\/3"}],"replies":[{"embeddable":true,"href":"https:\/\/diariodominicano.com\/index.php?rest_route=%2Fwp%2Fv2%2Fcomments&post=209523"}],"version-history":[{"count":0,"href":"https:\/\/diariodominicano.com\/index.php?rest_route=\/wp\/v2\/posts\/209523\/revisions"}],"wp:attachment":[{"href":"https:\/\/diariodominicano.com\/index.php?rest_route=%2Fwp%2Fv2%2Fmedia&parent=209523"}],"wp:term":[{"taxonomy":"category","embeddable":true,"href":"https:\/\/diariodominicano.com\/index.php?rest_route=%2Fwp%2Fv2%2Fcategories&post=209523"},{"taxonomy":"post_tag","embeddable":true,"href":"https:\/\/diariodominicano.com\/index.php?rest_route=%2Fwp%2Fv2%2Ftags&post=209523"}],"curies":[{"name":"wp","href":"https:\/\/api.w.org\/{rel}","templated":true}]}}