{"id":209522,"date":"2017-05-18T14:39:13","date_gmt":"2017-05-18T14:39:13","guid":{"rendered":"http:\/\/diariodominicano.ddns.net\/?p=209522"},"modified":"2017-05-18T14:39:13","modified_gmt":"2017-05-18T14:39:13","slug":"manny-machado-fuera-del-lineup-de-los-orioles-por-molestia-en-un-dedo","status":"publish","type":"post","link":"https:\/\/diariodominicano.com\/?p=209522","title":{"rendered":"Manny Machado fuera del lineup de los Orioles por molestia en un dedo"},"content":{"rendered":"<p><body><\/p>\n<p><img decoding=\"async\" src=\"img3\/Many18.jpg\" \/>  <\/p>\n<p><span class=\"text1noticias\">Associated Press<\/span><\/p>\n<p><span class=\"text1noticias\"> <\/span><\/p>\n<p><span class=\"text1noticias\">DETROIT, 18 de mayo, 2017.- El antesalista Manny Machado no estuvo en la alineaci\u00f3n de los Orioles para el cierre de la serie contra los Tigres.<\/span><\/p>\n<p><span class=\"text1noticias\"> <\/span><\/p>\n<p><span class=\"text1noticias\">El equipo de Baltimore inform\u00f3 que Machado tiene una molestia en un dedo. Machado hab\u00eda participado en cada uno de los 38 partidos del club esta temporada y lleva promedio de .224 con nueve jonrones.<\/span><\/p>\n<p><span class=\"text1noticias\"> <\/span><\/p>\n<p><span class=\"text1noticias\">Los Orioles concluyeron una serie de tres compromisos contra los Felinos, antes de volver al Oriole Park de Camden Yards para el primero de tres choques el fin de semana con los Azulej<\/span>os.<\/p>\n<h6> 2017-05-18 14:39:13 <\/h6>\n<p><!--\n<link rel=\"stylesheet\" href=\"css\/bootstrap.min.css\">\n\n\n<ul class=\"pagination\">\n\t    \n\t\n\n<li >\n\t<a href='?page_no=8816'>Previous<\/a>\n\t<\/li>\n\n\n       \n    \n\n<li><a href='?page_no=1'>1<\/a><\/li>\n\n\n\n<li><a href='?page_no=2'>2<\/a><\/li>\n\n\n\n<li><a>...<\/a><\/li>\n\n\n\n<li><a href='?page_no=8815'>8815<\/a><\/li>\n\n\n\n<li><a href='?page_no=8816'>8816<\/a><\/li>\n\n\n\n<li class='active'><a>8817<\/a><\/li>\n\n\n\n<li><a href='?page_no=8818'>8818<\/a><\/li>\n\n\n\n<li><a href='?page_no=8819'>8819<\/a><\/li>\n\n\n\n<li><a>...<\/a><\/li>\n\n\n\n<li><a href='?page_no=36618'>36618<\/a><\/li>\n\n\n\n<li><a href='?page_no=36619'>36619<\/a><\/li>\n\n    \n\t\n\n<li >\n\t<a href='?page_no=8818'>Next<\/a>\n\t<\/li>\n\n\n    \n\n<li><a href='?page_no=36619'>Last &rsaquo;&rsaquo;<\/a><\/li>\n\n<\/ul>\n\n\n--><br \/>\n<\/body><\/p>\n","protected":false},"excerpt":{"rendered":"<p>Associated Press DETROIT, 18 de mayo, 2017.- El antesalista Manny Machado no estuvo en la alineaci\u00f3n de los Orioles para el cierre de la serie contra los Tigres. El equipo de Baltimore inform\u00f3 que Machado tiene una molestia en un dedo. Machado hab\u00eda participado en cada uno de los 38 partidos del club esta temporada [&hellip;]<\/p>\n","protected":false},"author":3,"featured_media":0,"comment_status":"open","ping_status":"open","sticky":false,"template":"","format":"standard","meta":{"footnotes":""},"categories":[17],"tags":[],"class_list":["post-209522","post","type-post","status-publish","format-standard","hentry","category-deportes"],"_links":{"self":[{"href":"https:\/\/diariodominicano.com\/index.php?rest_route=\/wp\/v2\/posts\/209522","targetHints":{"allow":["GET"]}}],"collection":[{"href":"https:\/\/diariodominicano.com\/index.php?rest_route=\/wp\/v2\/posts"}],"about":[{"href":"https:\/\/diariodominicano.com\/index.php?rest_route=\/wp\/v2\/types\/post"}],"author":[{"embeddable":true,"href":"https:\/\/diariodominicano.com\/index.php?rest_route=\/wp\/v2\/users\/3"}],"replies":[{"embeddable":true,"href":"https:\/\/diariodominicano.com\/index.php?rest_route=%2Fwp%2Fv2%2Fcomments&post=209522"}],"version-history":[{"count":0,"href":"https:\/\/diariodominicano.com\/index.php?rest_route=\/wp\/v2\/posts\/209522\/revisions"}],"wp:attachment":[{"href":"https:\/\/diariodominicano.com\/index.php?rest_route=%2Fwp%2Fv2%2Fmedia&parent=209522"}],"wp:term":[{"taxonomy":"category","embeddable":true,"href":"https:\/\/diariodominicano.com\/index.php?rest_route=%2Fwp%2Fv2%2Fcategories&post=209522"},{"taxonomy":"post_tag","embeddable":true,"href":"https:\/\/diariodominicano.com\/index.php?rest_route=%2Fwp%2Fv2%2Ftags&post=209522"}],"curies":[{"name":"wp","href":"https:\/\/api.w.org\/{rel}","templated":true}]}}