{"id":209519,"date":"2017-05-18T15:25:23","date_gmt":"2017-05-18T15:25:23","guid":{"rendered":"http:\/\/diariodominicano.ddns.net\/?p=209519"},"modified":"2017-05-18T15:25:23","modified_gmt":"2017-05-18T15:25:23","slug":"ciclista-cubana-sierra-lidera-a-latinoamericanas-en-ranking-de-ruta","status":"publish","type":"post","link":"https:\/\/diariodominicano.com\/?p=209519","title":{"rendered":"Ciclista cubana Sierra lidera a latinoamericanas en ranking de ruta"},"content":{"rendered":"<p><body><\/p>\n<p><span class=\"text1noticias\">Aigle, Suiza, 18 may (PL) La ciclista cubana Arlenis Sierra, del club Astana Women\u00bbs Team, subi\u00f3 ocho puestos en el ranking femenino de ruta de la Uni\u00f3n Cicl\u00edstica Internacional y lidera a las pedalistas latinoamericanas en el listado.<\/span><\/p>\n<p><span class=\"text1noticias\"> <\/span><\/p>\n<p><span class=\"text1noticias\">La rutera de la isla, campeona panamericana de Guadalajara 2011 y puesto 28 en la ruta de los Juegos Ol\u00edmpicos de R\u00edo, sum\u00f3 38 unidades a su acumulado de la temporada y ahora tiene 384, para mejorar hasta el lugar 34, aunque todav\u00eda muy lejos de la l\u00edder holandesa Anna Van Der Breggen, que tiene mil 214 puntos.<\/span><\/p>\n<p><span class=\"text1noticias\"> <\/span><\/p>\n<p><span class=\"text1noticias\">Sierra tambi\u00e9n aparece en la novena posici\u00f3n del Tour Mundial Femenino, con 255 puntos, que domina igualmente Der Breggen (544), luego de correrse 10 competiciones.<\/span><\/p>\n<p><span class=\"text1noticias\"> <\/span><\/p>\n<p><span class=\"text1noticias\">La pedalista caribe\u00f1a termin\u00f3 como l\u00edder en la clasificaci\u00f3n por puntos en el certamen Amgen Tour, de California, y conquist\u00f3 el tercer lugar de la carrera en general y el primero entre las menores de 25 a\u00f1os de edad.<\/span><\/p>\n<p><span class=\"text1noticias\"> <\/span><\/p>\n<p><span class=\"text1noticias\">Durante su primera temporada con ese club profesional, basado en Italia y Kazajst\u00e1n, Sierra acumula, adem\u00e1s, los segundos lugares en el Trofeo Alfredo Binda, en Cittiglio, provincia de Varese, en Italia, y en la Semana Cicl\u00edstica Valenciana, en Espa\u00f1a.<\/span><\/p>\n<p><span class=\"text1noticias\"> <\/span><\/p>\n<p><span class=\"text1noticias\">En Varese, la ciclista cubana marc\u00f3 el mismo tiempo que la norteamericana Coryn Rivera, del Team Sunweb, ganadora del primer lugar; y la danesa Cecilie Uttrup Ludwig, del club Cerv\u00e9lo-Bigla Pro Cycling, bronce en esa lid; mientras en Espa\u00f1a finaliz\u00f3 11 segundos por detr\u00e1s de Lu<\/span>dwig.<\/p>\n<h6> 2017-05-18 15:25:23 <\/h6>\n<p><!--\n<link rel=\"stylesheet\" href=\"css\/bootstrap.min.css\">\n\n\n<ul class=\"pagination\">\n\t    \n\t\n\n<li >\n\t<a href='?page_no=8813'>Previous<\/a>\n\t<\/li>\n\n\n       \n    \n\n<li><a href='?page_no=1'>1<\/a><\/li>\n\n\n\n<li><a href='?page_no=2'>2<\/a><\/li>\n\n\n\n<li><a>...<\/a><\/li>\n\n\n\n<li><a href='?page_no=8812'>8812<\/a><\/li>\n\n\n\n<li><a href='?page_no=8813'>8813<\/a><\/li>\n\n\n\n<li class='active'><a>8814<\/a><\/li>\n\n\n\n<li><a href='?page_no=8815'>8815<\/a><\/li>\n\n\n\n<li><a href='?page_no=8816'>8816<\/a><\/li>\n\n\n\n<li><a>...<\/a><\/li>\n\n\n\n<li><a href='?page_no=36618'>36618<\/a><\/li>\n\n\n\n<li><a href='?page_no=36619'>36619<\/a><\/li>\n\n    \n\t\n\n<li >\n\t<a href='?page_no=8815'>Next<\/a>\n\t<\/li>\n\n\n    \n\n<li><a href='?page_no=36619'>Last &rsaquo;&rsaquo;<\/a><\/li>\n\n<\/ul>\n\n\n--><br \/>\n<\/body><\/p>\n","protected":false},"excerpt":{"rendered":"<p>Aigle, Suiza, 18 may (PL) La ciclista cubana Arlenis Sierra, del club Astana Women\u00bbs Team, subi\u00f3 ocho puestos en el ranking femenino de ruta de la Uni\u00f3n Cicl\u00edstica Internacional y lidera a las pedalistas latinoamericanas en el listado. La rutera de la isla, campeona panamericana de Guadalajara 2011 y puesto 28 en la ruta de [&hellip;]<\/p>\n","protected":false},"author":3,"featured_media":0,"comment_status":"open","ping_status":"open","sticky":false,"template":"","format":"standard","meta":{"footnotes":""},"categories":[17],"tags":[],"class_list":["post-209519","post","type-post","status-publish","format-standard","hentry","category-deportes"],"_links":{"self":[{"href":"https:\/\/diariodominicano.com\/index.php?rest_route=\/wp\/v2\/posts\/209519","targetHints":{"allow":["GET"]}}],"collection":[{"href":"https:\/\/diariodominicano.com\/index.php?rest_route=\/wp\/v2\/posts"}],"about":[{"href":"https:\/\/diariodominicano.com\/index.php?rest_route=\/wp\/v2\/types\/post"}],"author":[{"embeddable":true,"href":"https:\/\/diariodominicano.com\/index.php?rest_route=\/wp\/v2\/users\/3"}],"replies":[{"embeddable":true,"href":"https:\/\/diariodominicano.com\/index.php?rest_route=%2Fwp%2Fv2%2Fcomments&post=209519"}],"version-history":[{"count":0,"href":"https:\/\/diariodominicano.com\/index.php?rest_route=\/wp\/v2\/posts\/209519\/revisions"}],"wp:attachment":[{"href":"https:\/\/diariodominicano.com\/index.php?rest_route=%2Fwp%2Fv2%2Fmedia&parent=209519"}],"wp:term":[{"taxonomy":"category","embeddable":true,"href":"https:\/\/diariodominicano.com\/index.php?rest_route=%2Fwp%2Fv2%2Fcategories&post=209519"},{"taxonomy":"post_tag","embeddable":true,"href":"https:\/\/diariodominicano.com\/index.php?rest_route=%2Fwp%2Fv2%2Ftags&post=209519"}],"curies":[{"name":"wp","href":"https:\/\/api.w.org\/{rel}","templated":true}]}}