{"id":209513,"date":"2017-05-19T14:18:07","date_gmt":"2017-05-19T14:18:07","guid":{"rendered":"http:\/\/diariodominicano.ddns.net\/?p=209513"},"modified":"2017-05-19T14:18:07","modified_gmt":"2017-05-19T14:18:07","slug":"sotomayor-mientras-no-salten-246-me-sentire-recordista-mundial","status":"publish","type":"post","link":"https:\/\/diariodominicano.com\/?p=209513","title":{"rendered":"Sotomayor: mientras no salten 2,46 me sentir\u00e9 recordista mundial"},"content":{"rendered":"<p><body><\/p>\n<p><img decoding=\"async\" src=\"img3\/Sotomayor-Record.jpg\" \/>  <\/p>\n<p><span class=\"text1noticias\">La Habana, 19 may (PL) El exsaltador de altura cubano Javier Sotomayor declar\u00f3 hoy que seguir\u00e1 sinti\u00e9ndose recordista mundial hasta que alguien salte 2,46 metros, en referencia a la posibilidad de que borren su marca del orbe.<\/span><\/p>\n<p><span class=\"text1noticias\"> <\/span><\/p>\n<p><span class=\"text1noticias\">Si finalmente ocurre, yo, hasta que no exista otro hombre que salte 2,46, seguir\u00e9 sinti\u00e9ndome como recordista mundial. Felicitar\u00e9 al que logre superarme, pero por sus resultados personales, indic\u00f3.<\/span><\/p>\n<p><span class=\"text1noticias\"> <\/span><\/p>\n<p><span class=\"text1noticias\">En una entrevista publicada este viernes en el sitio digital Cubadebate, el campe\u00f3n ol\u00edmpico de Barcelona-1992 se mostr\u00f3 esperanzado en que no se apruebe esa medida, impulsada por la Federaci\u00f3n Europea de Atletismo.<\/span><\/p>\n<p><span class=\"text1noticias\"> <\/span><\/p>\n<p><span class=\"text1noticias\">El tambi\u00e9n multimedallista mundial, panamericano y centroamericano, conden\u00f3 a los deportistas que acuden a sustancias prohibidas, pero se confes\u00f3 ofendido por las dudas sobre su trayectoria.<\/span><\/p>\n<p><span class=\"text1noticias\"> <\/span><\/p>\n<p><span class=\"text1noticias\">Al quitarme mi plusmarca se duda de m\u00ed. Los registros que realic\u00e9 desde los 16 a\u00f1os demuestran que hubo total limpieza. No tuve necesidad de ingerir cualquier sustancia y mantener resultados de alto nivel por m\u00e1s de 18 temporadas, asegur\u00f3.<\/span><\/p>\n<p><span class=\"text1noticias\"> <\/span><\/p>\n<p><span class=\"text1noticias\">Sotomayor opin\u00f3 que el deporte actual es muy comercial y no solo se resume a cuestiones de r\u00e9cords, sino que muchas veces son temas econ\u00f3micos lo que hacen que los atletas se dopen.<\/span><\/p>\n<p><span class=\"text1noticias\"> <\/span><\/p>\n<p><span class=\"text1noticias\">Sobre su caso particular, y el de otros exdeportistas, analiz\u00f3 que de haber acudido a sustancias ilegales, con el paso del tiempo sus cuerpos hubieran dado se\u00f1ales de esa pr\u00e1ctica.<\/span><\/p>\n<p><span class=\"text1noticias\"> <\/span><\/p>\n<p><span class=\"text1noticias\">No creo que con alguna sustancia prohibida se pueda estar tantos a\u00f1os compitiendo dentro de la \u00e9lite internacional y luego retirarte y seguirte manteniendo saludable y sin ning\u00fan tipo de alteraci\u00f3n en el organismo, explic\u00f3.<\/span><\/p>\n<p><span class=\"text1noticias\"> <\/span><\/p>\n<p><span class=\"text1noticias\">Por otra parte, el Pr\u00edncipe de Asturias de los Deportes en 1993 critic\u00f3 el sinsentido de eliminar las marcas del listado de r\u00e9cords mundiales, pero mantenerlas en la historia.<\/span><\/p>\n<p><span class=\"text1noticias\"> <\/span><\/p>\n<p><span class=\"text1noticias\">Tendr\u00edan que ser borrados algunos records nacionales debido a que, como es l\u00f3gico, estos no pueden ser superiores a los records mundiales. Se tendr\u00eda que borrar la historia del atletismo, asever\u00f3.<\/span><\/p>\n<p><span class=\"text1noticias\"> <\/span><\/p>\n<p><span class=\"text1noticias\">Sotomayor reiter\u00f3 que si se decide ahora borrar todo lo logrado antes del a\u00f1o 2005, es probable que en el futuro la historia se repita.<\/span><\/p>\n<p><span class=\"text1noticias\"> <\/span><\/p>\n<p><span class=\"text1noticias\">Si de aqu\u00ed a 30, 50 o 100 a\u00f1os prueban que se dieron estos fen\u00f3menos, \u00bfse van a invalidar entonces los records desde el 2005 hacia adelante?, se pregunt\u00f3.<\/span><\/p>\n<p><span class=\"text1noticias\"> <\/span><\/p>\n<p><span class=\"text1noticias\">Por su parte, el director del Instituto de Medicina Deportiva de Cuba, Jorge Pavel Pino, insisti\u00f3 en que mientras no exista un nivel de responsabilidad demostrada es injusto sancionar a cualquier deportista.<\/span><\/p>\n<p><span class=\"text1noticias\"> <\/span><\/p>\n<p><span class=\"text1noticias\">Nosotros hemos sancionado cuando hemos demostrado que se introdujo una sustancia prohibida. Todo lo dem\u00e1s creo que va en contra de cualquier tipo de cuesti\u00f3n de \u00edndole legal, pues se violan todos los procedimientos que existen incluso en el c\u00f3digo mundial antidopaje actual, coment\u00f3.<\/span><\/p>\n<p><span class=\"text1noticias\"> <\/span><\/p>\n<p><span class=\"text1noticias\">El m\u00e9dico confi\u00f3, adem\u00e1s, en que con la implementaci\u00f3n del pasaporte biol\u00f3gico deber\u00e1 disminuir, en alguna medida, la cantidad de atletas dopados.<\/span><\/p>\n<p><span class=\"text1noticias\"> <\/span><\/p>\n<p><span class=\"text1noticias\">Con borrar los records no disminuir\u00e1n los dopados. Viene el dopaje gen\u00e9tico, existe el tecnol\u00f3gico (influencia de las zapatillas, el traje, la bicicleta). Si uno se pone a analizar el asunto, hoy hay mucho m\u00e1s riesgo que antes de que un atleta se dope, concluy\u00f3.<\/span><\/p>\n<p><span class=\"text1noticias\"> <\/span><\/p>\n<p><span class=\"text1noticias\">La decisi\u00f3n sobre la propuesta de la Federaci\u00f3n Europea la tomar\u00e1 el Consejo de la Federaci\u00f3n Internacional de la disciplina cuando se re\u00fana previo al Mundial de Londres, previsto del 3 al 13 de <\/span>agosto pr\u00f3ximos.<\/p>\n<h6> 2017-05-19 14:18:07 <\/h6>\n<p><!--\n<link rel=\"stylesheet\" href=\"css\/bootstrap.min.css\">\n\n\n<ul class=\"pagination\">\n\t    \n\t\n\n<li >\n\t<a href='?page_no=8808'>Previous<\/a>\n\t<\/li>\n\n\n       \n    \n\n<li><a href='?page_no=1'>1<\/a><\/li>\n\n\n\n<li><a href='?page_no=2'>2<\/a><\/li>\n\n\n\n<li><a>...<\/a><\/li>\n\n\n\n<li><a href='?page_no=8807'>8807<\/a><\/li>\n\n\n\n<li><a href='?page_no=8808'>8808<\/a><\/li>\n\n\n\n<li class='active'><a>8809<\/a><\/li>\n\n\n\n<li><a href='?page_no=8810'>8810<\/a><\/li>\n\n\n\n<li><a href='?page_no=8811'>8811<\/a><\/li>\n\n\n\n<li><a>...<\/a><\/li>\n\n\n\n<li><a href='?page_no=36618'>36618<\/a><\/li>\n\n\n\n<li><a href='?page_no=36619'>36619<\/a><\/li>\n\n    \n\t\n\n<li >\n\t<a href='?page_no=8810'>Next<\/a>\n\t<\/li>\n\n\n    \n\n<li><a href='?page_no=36619'>Last &rsaquo;&rsaquo;<\/a><\/li>\n\n<\/ul>\n\n\n--><br \/>\n<\/body><\/p>\n","protected":false},"excerpt":{"rendered":"<p>La Habana, 19 may (PL) El exsaltador de altura cubano Javier Sotomayor declar\u00f3 hoy que seguir\u00e1 sinti\u00e9ndose recordista mundial hasta que alguien salte 2,46 metros, en referencia a la posibilidad de que borren su marca del orbe. Si finalmente ocurre, yo, hasta que no exista otro hombre que salte 2,46, seguir\u00e9 sinti\u00e9ndome como recordista mundial. [&hellip;]<\/p>\n","protected":false},"author":3,"featured_media":0,"comment_status":"open","ping_status":"open","sticky":false,"template":"","format":"standard","meta":{"footnotes":""},"categories":[17],"tags":[],"class_list":["post-209513","post","type-post","status-publish","format-standard","hentry","category-deportes"],"_links":{"self":[{"href":"https:\/\/diariodominicano.com\/index.php?rest_route=\/wp\/v2\/posts\/209513","targetHints":{"allow":["GET"]}}],"collection":[{"href":"https:\/\/diariodominicano.com\/index.php?rest_route=\/wp\/v2\/posts"}],"about":[{"href":"https:\/\/diariodominicano.com\/index.php?rest_route=\/wp\/v2\/types\/post"}],"author":[{"embeddable":true,"href":"https:\/\/diariodominicano.com\/index.php?rest_route=\/wp\/v2\/users\/3"}],"replies":[{"embeddable":true,"href":"https:\/\/diariodominicano.com\/index.php?rest_route=%2Fwp%2Fv2%2Fcomments&post=209513"}],"version-history":[{"count":0,"href":"https:\/\/diariodominicano.com\/index.php?rest_route=\/wp\/v2\/posts\/209513\/revisions"}],"wp:attachment":[{"href":"https:\/\/diariodominicano.com\/index.php?rest_route=%2Fwp%2Fv2%2Fmedia&parent=209513"}],"wp:term":[{"taxonomy":"category","embeddable":true,"href":"https:\/\/diariodominicano.com\/index.php?rest_route=%2Fwp%2Fv2%2Fcategories&post=209513"},{"taxonomy":"post_tag","embeddable":true,"href":"https:\/\/diariodominicano.com\/index.php?rest_route=%2Fwp%2Fv2%2Ftags&post=209513"}],"curies":[{"name":"wp","href":"https:\/\/api.w.org\/{rel}","templated":true}]}}