{"id":209512,"date":"2017-05-19T14:41:41","date_gmt":"2017-05-19T14:41:41","guid":{"rendered":"http:\/\/diariodominicano.ddns.net\/?p=209512"},"modified":"2017-05-19T14:41:41","modified_gmt":"2017-05-19T14:41:41","slug":"qatar-abre-al-publico-primer-estadio-de-copa-de-futbol-2022","status":"publish","type":"post","link":"https:\/\/diariodominicano.com\/?p=209512","title":{"rendered":"Qatar abre al p\u00fablico primer estadio de Copa de F\u00fatbol 2022"},"content":{"rendered":"<p><body><\/p>\n<p><span class=\"text1noticias\">Doha, 19 may (PL) Un partido entre los equipos Al Rayyan y Al Sadd marc\u00f3 hoy la apertura al p\u00fablico del estadio internacional Khalifa, el primero de los ocho que construye Qatar para la Copa Mundial de F\u00fatbol 2022.<\/span><\/p>\n<p><span class=\"text1noticias\"> <\/span><\/p>\n<p><span class=\"text1noticias\">El Comit\u00e9 Organizador del torneo mundialista destac\u00f3 que la impresionante obra arquitect\u00f3nica qued\u00f3 completamente lista con cinco a\u00f1os de antelaci\u00f3n a la primera competici\u00f3n de ese tipo en un pa\u00eds \u00e1rabe, aunque record\u00f3 que la instalaci\u00f3n originalmente se construy\u00f3 en 1976.<\/span><\/p>\n<p><span class=\"text1noticias\"> <\/span><\/p>\n<p><span class=\"text1noticias\">A partir de la construcci\u00f3n de infraestructuras, el estadio se ampli\u00f3 para dar acogida a m\u00e1s de 40 mil espectadores y dispone de moderna tecnolog\u00eda de climatizaci\u00f3n que mantiene la cancha de juego a un m\u00e1ximo de 26 grados celcius con unos 28 grados de temperatura en las gradas.<\/span><\/p>\n<p><span class=\"text1noticias\"> <\/span><\/p>\n<p><span class=\"text1noticias\">Junto al j\u00fabilo por la renovaci\u00f3n del recinto, los qatar\u00edes mostraron expectaci\u00f3n por el partido de la final de la Copa del Emir, que disputar\u00e1n Al Rayyan y Al Sadd, este \u00faltimo capitaneado por el exjugador del club espa\u00f1ol Barcelona Xavier Hern\u00e1ndez.<\/span><\/p>\n<p><span class=\"text1noticias\"> <\/span><\/p>\n<p><span class=\"text1noticias\">&#8216;Estamos felices de que el estadio Internacional Khalifa acoja otra vez partidos de f\u00fatbol en Qatar. Ha sido testigo de los m\u00e1s prominentes logros deportivos de Qatar y es la sede que est\u00e1 m\u00e1s cerca del coraz\u00f3n de los qatar\u00edes&#8217;, expres\u00f3 el jeque Hamad bin Khalifa bin Ahmed Al-Thani.<\/span><\/p>\n<p><span class=\"text1noticias\"> <\/span><\/p>\n<p><span class=\"text1noticias\">Como presidente de la Asociaci\u00f3n de F\u00fatbol de Qatar, Al-Thani rememor\u00f3 que tras su estreno en 1976 la instalaci\u00f3n fue remozada para los juegos asi\u00e1ticos de 2006 y desde hace tres a\u00f1os se someti\u00f3 a un redise\u00f1o integral con vistas a la Copa 2022, pero antes albergar\u00e1 el Campeonato Mundial de Atletismo 2019.<\/span><\/p>\n<p><span class=\"text1noticias\"> <\/span><\/p>\n<p><span class=\"text1noticias\">Entre los elementos novedosos se redise\u00f1aron arcos y nuevos doseles para proveer sombra a los espectadores, adem\u00e1s del sistema de climatizaci\u00f3n para atletas y p\u00fablico.<\/span><\/p>\n<p><span class=\"text1noticias\"> <\/span><\/p>\n<p><span class=\"text1noticias\">Seg\u00fan el subsecretario general del Comit\u00e9 Organizador de la Copa 2022, Nasser Al Khater, se espera que hasta 1,3 millones de hinchas del balompi\u00e9 arriben a Doha para el torneo, un pron\u00f3stico que defini\u00f3 como &#8216;techo m\u00e1ximo&#8217; y atribuy\u00f3 al cambio de fecha de los partidos para meses m\u00e1s invernales aqu\u00ed.<\/span><\/p>\n<p><span class=\"text1noticias\"> <\/span><\/p>\n<p><span class=\"text1noticias\">Al Khater destac\u00f3 que por primera vez la competici\u00f3n futbol\u00edstica ver\u00e1 m\u00e1s aficionados provenientes de Medio Oriente, sobre todo de Arabia Saudita, y Asia, a diferencia de lo ocurrido hasta ahora que predominaba el p\u00fablico de Europa y Sudam\u00e9rica.<\/span><\/p>\n<p><span class=\"text1noticias\"> <\/span><\/p>\n<p><span class=\"text1noticias\">Entretanto, activistas de derechos humanos aprovecharon la reinauguraci\u00f3n del estadio para recordar que no ha estado exento de tragedias porque en enero un hombre de nacionalidad brit\u00e1nica muri\u00f3 al caer de una gran altura, siendo la tercera v\u00edctima fatal en un a\u00f1o en una instalaci\u00f3n de la Copa<\/span> Mundial.<\/p>\n<h6> 2017-05-19 14:41:41 <\/h6>\n<p><!--\n<link rel=\"stylesheet\" href=\"css\/bootstrap.min.css\">\n\n\n<ul class=\"pagination\">\n\t    \n\t\n\n<li >\n\t<a href='?page_no=8807'>Previous<\/a>\n\t<\/li>\n\n\n       \n    \n\n<li><a href='?page_no=1'>1<\/a><\/li>\n\n\n\n<li><a href='?page_no=2'>2<\/a><\/li>\n\n\n\n<li><a>...<\/a><\/li>\n\n\n\n<li><a href='?page_no=8806'>8806<\/a><\/li>\n\n\n\n<li><a href='?page_no=8807'>8807<\/a><\/li>\n\n\n\n<li class='active'><a>8808<\/a><\/li>\n\n\n\n<li><a href='?page_no=8809'>8809<\/a><\/li>\n\n\n\n<li><a href='?page_no=8810'>8810<\/a><\/li>\n\n\n\n<li><a>...<\/a><\/li>\n\n\n\n<li><a href='?page_no=36618'>36618<\/a><\/li>\n\n\n\n<li><a href='?page_no=36619'>36619<\/a><\/li>\n\n    \n\t\n\n<li >\n\t<a href='?page_no=8809'>Next<\/a>\n\t<\/li>\n\n\n    \n\n<li><a href='?page_no=36619'>Last &rsaquo;&rsaquo;<\/a><\/li>\n\n<\/ul>\n\n\n--><br \/>\n<\/body><\/p>\n","protected":false},"excerpt":{"rendered":"<p>Doha, 19 may (PL) Un partido entre los equipos Al Rayyan y Al Sadd marc\u00f3 hoy la apertura al p\u00fablico del estadio internacional Khalifa, el primero de los ocho que construye Qatar para la Copa Mundial de F\u00fatbol 2022. El Comit\u00e9 Organizador del torneo mundialista destac\u00f3 que la impresionante obra arquitect\u00f3nica qued\u00f3 completamente lista con [&hellip;]<\/p>\n","protected":false},"author":3,"featured_media":0,"comment_status":"open","ping_status":"open","sticky":false,"template":"","format":"standard","meta":{"footnotes":""},"categories":[17],"tags":[],"class_list":["post-209512","post","type-post","status-publish","format-standard","hentry","category-deportes"],"_links":{"self":[{"href":"https:\/\/diariodominicano.com\/index.php?rest_route=\/wp\/v2\/posts\/209512","targetHints":{"allow":["GET"]}}],"collection":[{"href":"https:\/\/diariodominicano.com\/index.php?rest_route=\/wp\/v2\/posts"}],"about":[{"href":"https:\/\/diariodominicano.com\/index.php?rest_route=\/wp\/v2\/types\/post"}],"author":[{"embeddable":true,"href":"https:\/\/diariodominicano.com\/index.php?rest_route=\/wp\/v2\/users\/3"}],"replies":[{"embeddable":true,"href":"https:\/\/diariodominicano.com\/index.php?rest_route=%2Fwp%2Fv2%2Fcomments&post=209512"}],"version-history":[{"count":0,"href":"https:\/\/diariodominicano.com\/index.php?rest_route=\/wp\/v2\/posts\/209512\/revisions"}],"wp:attachment":[{"href":"https:\/\/diariodominicano.com\/index.php?rest_route=%2Fwp%2Fv2%2Fmedia&parent=209512"}],"wp:term":[{"taxonomy":"category","embeddable":true,"href":"https:\/\/diariodominicano.com\/index.php?rest_route=%2Fwp%2Fv2%2Fcategories&post=209512"},{"taxonomy":"post_tag","embeddable":true,"href":"https:\/\/diariodominicano.com\/index.php?rest_route=%2Fwp%2Fv2%2Ftags&post=209512"}],"curies":[{"name":"wp","href":"https:\/\/api.w.org\/{rel}","templated":true}]}}