{"id":209500,"date":"2017-05-21T12:45:34","date_gmt":"2017-05-21T12:45:34","guid":{"rendered":"http:\/\/diariodominicano.ddns.net\/?p=209500"},"modified":"2017-05-21T12:45:34","modified_gmt":"2017-05-21T12:45:34","slug":"astros-inhabilitan-a-brian-mccann-y-suben-a-juan-centeno","status":"publish","type":"post","link":"https:\/\/diariodominicano.com\/?p=209500","title":{"rendered":"Astros inhabilitan a Brian McCann y suben a Juan Centeno"},"content":{"rendered":"<p><body><\/p>\n<p><img decoding=\"async\" src=\"img3\/McCann21.jpg\" \/>  <\/p>\n<p><span class=\"text1noticias\">Por Oliver Macklin \/ MLB.com<\/span><\/p>\n<\/p>\n<p><span class=\"text1noticias\">Houston, Texas, 21 de mayo, 2017.- Los Astros colocaron el receptor veterano Brian McCann en la lista de incapacitados de siete d\u00edas para conmociones cerebrales con efecto retroactivo al s\u00e1bado.<\/span><\/p>\n<p><span class=\"text1noticias\"> <\/span><\/p>\n<p><span class=\"text1noticias\">Para ocupar el lugar de McCann en el roster del equipo grande, la novena de Houston convoc\u00f3 desde Triple-A Fresno al c\u00e1tcher boricua Juan Centeno.<\/span><\/p>\n<\/p>\n<p><span class=\"text1noticias\">McCann batea .269 con seis jonrones y 25 remolcadas en 30 compromisos por los Astros este a&amp;ntilde;o.<\/span><\/p>\n<p><span class=\"text1noticias\"> <\/span><\/p>\n<p><span class=\"text1noticias\">Centeno, de 27 a\u00f1os de edad, lleva promedio de .368 con siete dobles y nueve remolcadas en 22 juegos de liga menor esta temporada. En el 2016, bate\u00f3 .261 con tres jonrones y 25 carreras producidas en 55 partidos por Minneso<\/span>ta.<\/p>\n<h6> 2017-05-21 12:45:34 <\/h6>\n<p><!--\n<link rel=\"stylesheet\" href=\"css\/bootstrap.min.css\">\n\n\n<ul class=\"pagination\">\n\t    \n\t\n\n<li >\n\t<a href='?page_no=8797'>Previous<\/a>\n\t<\/li>\n\n\n       \n    \n\n<li><a href='?page_no=1'>1<\/a><\/li>\n\n\n\n<li><a href='?page_no=2'>2<\/a><\/li>\n\n\n\n<li><a>...<\/a><\/li>\n\n\n\n<li><a href='?page_no=8796'>8796<\/a><\/li>\n\n\n\n<li><a href='?page_no=8797'>8797<\/a><\/li>\n\n\n\n<li class='active'><a>8798<\/a><\/li>\n\n\n\n<li><a href='?page_no=8799'>8799<\/a><\/li>\n\n\n\n<li><a href='?page_no=8800'>8800<\/a><\/li>\n\n\n\n<li><a>...<\/a><\/li>\n\n\n\n<li><a href='?page_no=36618'>36618<\/a><\/li>\n\n\n\n<li><a href='?page_no=36619'>36619<\/a><\/li>\n\n    \n\t\n\n<li >\n\t<a href='?page_no=8799'>Next<\/a>\n\t<\/li>\n\n\n    \n\n<li><a href='?page_no=36619'>Last &rsaquo;&rsaquo;<\/a><\/li>\n\n<\/ul>\n\n\n--><br \/>\n<\/body><\/p>\n","protected":false},"excerpt":{"rendered":"<p>Por Oliver Macklin \/ MLB.com Houston, Texas, 21 de mayo, 2017.- Los Astros colocaron el receptor veterano Brian McCann en la lista de incapacitados de siete d\u00edas para conmociones cerebrales con efecto retroactivo al s\u00e1bado. Para ocupar el lugar de McCann en el roster del equipo grande, la novena de Houston convoc\u00f3 desde Triple-A Fresno [&hellip;]<\/p>\n","protected":false},"author":3,"featured_media":0,"comment_status":"open","ping_status":"open","sticky":false,"template":"","format":"standard","meta":{"footnotes":""},"categories":[17],"tags":[],"class_list":["post-209500","post","type-post","status-publish","format-standard","hentry","category-deportes"],"_links":{"self":[{"href":"https:\/\/diariodominicano.com\/index.php?rest_route=\/wp\/v2\/posts\/209500","targetHints":{"allow":["GET"]}}],"collection":[{"href":"https:\/\/diariodominicano.com\/index.php?rest_route=\/wp\/v2\/posts"}],"about":[{"href":"https:\/\/diariodominicano.com\/index.php?rest_route=\/wp\/v2\/types\/post"}],"author":[{"embeddable":true,"href":"https:\/\/diariodominicano.com\/index.php?rest_route=\/wp\/v2\/users\/3"}],"replies":[{"embeddable":true,"href":"https:\/\/diariodominicano.com\/index.php?rest_route=%2Fwp%2Fv2%2Fcomments&post=209500"}],"version-history":[{"count":0,"href":"https:\/\/diariodominicano.com\/index.php?rest_route=\/wp\/v2\/posts\/209500\/revisions"}],"wp:attachment":[{"href":"https:\/\/diariodominicano.com\/index.php?rest_route=%2Fwp%2Fv2%2Fmedia&parent=209500"}],"wp:term":[{"taxonomy":"category","embeddable":true,"href":"https:\/\/diariodominicano.com\/index.php?rest_route=%2Fwp%2Fv2%2Fcategories&post=209500"},{"taxonomy":"post_tag","embeddable":true,"href":"https:\/\/diariodominicano.com\/index.php?rest_route=%2Fwp%2Fv2%2Ftags&post=209500"}],"curies":[{"name":"wp","href":"https:\/\/api.w.org\/{rel}","templated":true}]}}