{"id":209499,"date":"2017-05-21T12:57:02","date_gmt":"2017-05-21T12:57:02","guid":{"rendered":"http:\/\/diariodominicano.ddns.net\/?p=209499"},"modified":"2017-05-21T12:57:02","modified_gmt":"2017-05-21T12:57:02","slug":"robinson-cano-saldria-de-la-lista-de-incapacitados-el-martes","status":"publish","type":"post","link":"https:\/\/diariodominicano.com\/?p=209499","title":{"rendered":"Robinson Can\u00f3 saldr\u00eda de la lista de incapacitados el martes"},"content":{"rendered":"<p><body><\/p>\n<p>Por Greg Johns \/ MLB.com <\/p>\n<\/p>\n<p>SEATTLE, 21 de mayo, 2017.- El segunda dominicano de los Marineros, Robinson Can\u00f3, tiene previsto salir de la lista de lesionados el martes. El veterano se est\u00e1 recuperando de un tir\u00f3n en el cu\u00e1driceps derecho.<\/p>\n<\/p>\n<p>Can\u00f3 complet\u00f3 su rutina normal antes del juego del s\u00e1bado ante los Medias Blancas, practicando incluso el bateo y fildeando rodados.<\/p>\n<\/p>\n<p>El quisqueyano, de 34 a\u00f1os de edad, no juega desde el 10 de mayo, pero estar\u00e1 elegible para salir de la lista de incapacitados cuando Seattle dispute el primero de ocho juegos en la ruta el martes contra los Nacionales.<\/p>\n<\/p>\n<p>\u00abTodo va por buen camino\u00bb, dijo el capataz de los Marineros, Scott Servais, con respecto a Can\u00f3.<\/p>\n<h6> 2017-05-21 12:57:02 <\/h6>\n<p><!--\n<link rel=\"stylesheet\" href=\"css\/bootstrap.min.css\">\n\n\n<ul class=\"pagination\">\n\t    \n\t\n\n<li >\n\t<a href='?page_no=8796'>Previous<\/a>\n\t<\/li>\n\n\n       \n    \n\n<li><a href='?page_no=1'>1<\/a><\/li>\n\n\n\n<li><a href='?page_no=2'>2<\/a><\/li>\n\n\n\n<li><a>...<\/a><\/li>\n\n\n\n<li><a href='?page_no=8795'>8795<\/a><\/li>\n\n\n\n<li><a href='?page_no=8796'>8796<\/a><\/li>\n\n\n\n<li class='active'><a>8797<\/a><\/li>\n\n\n\n<li><a href='?page_no=8798'>8798<\/a><\/li>\n\n\n\n<li><a href='?page_no=8799'>8799<\/a><\/li>\n\n\n\n<li><a>...<\/a><\/li>\n\n\n\n<li><a href='?page_no=36618'>36618<\/a><\/li>\n\n\n\n<li><a href='?page_no=36619'>36619<\/a><\/li>\n\n    \n\t\n\n<li >\n\t<a href='?page_no=8798'>Next<\/a>\n\t<\/li>\n\n\n    \n\n<li><a href='?page_no=36619'>Last &rsaquo;&rsaquo;<\/a><\/li>\n\n<\/ul>\n\n\n--><br \/>\n<\/body><\/p>\n","protected":false},"excerpt":{"rendered":"<p>Por Greg Johns \/ MLB.com SEATTLE, 21 de mayo, 2017.- El segunda dominicano de los Marineros, Robinson Can\u00f3, tiene previsto salir de la lista de lesionados el martes. El veterano se est\u00e1 recuperando de un tir\u00f3n en el cu\u00e1driceps derecho. Can\u00f3 complet\u00f3 su rutina normal antes del juego del s\u00e1bado ante los Medias Blancas, practicando [&hellip;]<\/p>\n","protected":false},"author":3,"featured_media":0,"comment_status":"open","ping_status":"open","sticky":false,"template":"","format":"standard","meta":{"footnotes":""},"categories":[17],"tags":[],"class_list":["post-209499","post","type-post","status-publish","format-standard","hentry","category-deportes"],"_links":{"self":[{"href":"https:\/\/diariodominicano.com\/index.php?rest_route=\/wp\/v2\/posts\/209499","targetHints":{"allow":["GET"]}}],"collection":[{"href":"https:\/\/diariodominicano.com\/index.php?rest_route=\/wp\/v2\/posts"}],"about":[{"href":"https:\/\/diariodominicano.com\/index.php?rest_route=\/wp\/v2\/types\/post"}],"author":[{"embeddable":true,"href":"https:\/\/diariodominicano.com\/index.php?rest_route=\/wp\/v2\/users\/3"}],"replies":[{"embeddable":true,"href":"https:\/\/diariodominicano.com\/index.php?rest_route=%2Fwp%2Fv2%2Fcomments&post=209499"}],"version-history":[{"count":0,"href":"https:\/\/diariodominicano.com\/index.php?rest_route=\/wp\/v2\/posts\/209499\/revisions"}],"wp:attachment":[{"href":"https:\/\/diariodominicano.com\/index.php?rest_route=%2Fwp%2Fv2%2Fmedia&parent=209499"}],"wp:term":[{"taxonomy":"category","embeddable":true,"href":"https:\/\/diariodominicano.com\/index.php?rest_route=%2Fwp%2Fv2%2Fcategories&post=209499"},{"taxonomy":"post_tag","embeddable":true,"href":"https:\/\/diariodominicano.com\/index.php?rest_route=%2Fwp%2Fv2%2Ftags&post=209499"}],"curies":[{"name":"wp","href":"https:\/\/api.w.org\/{rel}","templated":true}]}}